{"id":20313,"date":"2026-09-01T22:47:59","date_gmt":"2026-09-01T22:47:59","guid":{"rendered":"https:\/\/radiostavanger.no\/?p=20313"},"modified":"2026-09-01T22:47:59","modified_gmt":"2026-09-01T22:47:59","slug":"ingen-chelsea-overgang-for-tiltenkt-fernandez-erstatter-radio-stavanger","status":"publish","type":"post","link":"https:\/\/radiostavanger.no\/?p=20313","title":{"rendered":"Ingen Chelsea-overgang for tiltenkt Fernandez-erstatter \u2013 Radio Stavanger"},"content":{"rendered":"<p><br \/>\n<\/p>\n<div id=\"mvp-content-main\">\n<p class=\"radioh-ingress\"><strong>Chelsea var sikker p\u00e5 \u00e5 hente midtbanespilleren Lamine Camara fra Monaco, men Ligue 1-klubben trakk seg fra overgangen.<\/strong>\n<\/p>\n<p><strong>Sport<\/strong>: Senegaleseren var tiltenkt rollen som erstatter for Enzo Fernandez, som ventes \u00e5 g\u00e5 til Manchester City. N\u00e5 blir det ingen overgang for 22-\u00e5ringen, skriver Sky Sports.\n<\/p>\n<p>If\u00f8lge nettstedet trakk Monaco seg fra avtalen etter er Camara hadde gjennomf\u00f8rt den medisinske testen.\n<\/p>\n<p>\u2013 Chelsea er sv\u00e6rt misforn\u00f8yde og mener Monaco har opptr\u00e5dt p\u00e5 en dypt uprofesjonell m\u00e5te, skriver Sky Sports.\n<\/p>\n<p>Chelsea gikk likevel ikke tomhendt ut av overgangsvinduet, som stengte ved midnatt natt til onsdag. B\u00e5de Morgan Rogers, Maxence Lacroix, Marco Palestra og Geovany Quenda har alle g\u00e5tt inn d\u00f8rene p\u00e5 Stamford Bridge i l\u00f8pet av vinduet.<\/p>\n<p>Ved midnatt var det fortsatt ikke kommet bekreftelse p\u00e5 at den argentinske stjernen Enzo Fernandez g\u00e5r til Manchester City.\n<\/p>\n<p>(\u00a9NTB)\n<\/p>\n<\/p><\/div>\n<p><script async defer crossorigin=\"anonymous\" data-lazy=\"w3tc\" data-src=\"https:\/\/connect.facebook.net\/nb_NO\/sdk.js#xfbml=1&#038;version=v18.0\"><\/script><br \/>\n<br \/><br \/>\n<br \/><a href=\"https:\/\/radioh.no\/ingen-chelsea-overgang-for-tiltenkt-fernandez-erstatter\/\">Kilde <\/a><\/p>","protected":false},"excerpt":{"rendered":"<p>Chelsea var sikker p\u00e5 \u00e5 hente midtbanespilleren Lamine Camara fra Monaco, men Ligue 1-klubben trakk seg fra overgangen. Sport: Senegaleseren var tiltenkt rollen som erstatter for Enzo Fernandez, som ventes \u00e5 g\u00e5 til Manchester City. N\u00e5 blir det ingen overgang for 22-\u00e5ringen, skriver Sky Sports. If\u00f8lge nettstedet trakk Monaco seg fra avtalen etter er Camara [&hellip;]<\/p>","protected":false},"author":1,"featured_media":20314,"comment_status":"","ping_status":"","sticky":false,"template":"","format":"standard","meta":{"footnotes":""},"categories":[107],"tags":[],"tmauthors":[],"class_list":["post-20313","post","type-post","status-publish","format-standard","has-post-thumbnail","category-nyheter"],"_links":{"self":[{"href":"https:\/\/radiostavanger.no\/index.php?rest_route=\/wp\/v2\/posts\/20313","targetHints":{"allow":["GET"]}}],"collection":[{"href":"https:\/\/radiostavanger.no\/index.php?rest_route=\/wp\/v2\/posts"}],"about":[{"href":"https:\/\/radiostavanger.no\/index.php?rest_route=\/wp\/v2\/types\/post"}],"author":[{"embeddable":true,"href":"https:\/\/radiostavanger.no\/index.php?rest_route=\/wp\/v2\/users\/1"}],"replies":[{"embeddable":true,"href":"https:\/\/radiostavanger.no\/index.php?rest_route=%2Fwp%2Fv2%2Fcomments&post=20313"}],"version-history":[{"count":0,"href":"https:\/\/radiostavanger.no\/index.php?rest_route=\/wp\/v2\/posts\/20313\/revisions"}],"wp:featuredmedia":[{"embeddable":true,"href":"https:\/\/radiostavanger.no\/index.php?rest_route=\/wp\/v2\/media\/20314"}],"wp:attachment":[{"href":"https:\/\/radiostavanger.no\/index.php?rest_route=%2Fwp%2Fv2%2Fmedia&parent=20313"}],"wp:term":[{"taxonomy":"category","embeddable":true,"href":"https:\/\/radiostavanger.no\/index.php?rest_route=%2Fwp%2Fv2%2Fcategories&post=20313"},{"taxonomy":"post_tag","embeddable":true,"href":"https:\/\/radiostavanger.no\/index.php?rest_route=%2Fwp%2Fv2%2Ftags&post=20313"},{"taxonomy":"tmauthors","embeddable":true,"href":"https:\/\/radiostavanger.no\/index.php?rest_route=%2Fwp%2Fv2%2Ftmauthors&post=20313"}],"curies":[{"name":"wp","href":"https:\/\/api.w.org\/{rel}","templated":true}]}}