{"id":20325,"date":"2026-09-01T23:55:10","date_gmt":"2026-09-01T23:55:10","guid":{"rendered":"https:\/\/radiostavanger.no\/?p=20325"},"modified":"2026-09-01T23:55:10","modified_gmt":"2026-09-01T23:55:10","slug":"kvinne-tiltalt-for-a-ha-drept-lillebroren-radio-stavanger","status":"publish","type":"post","link":"https:\/\/radiostavanger.no\/?p=20325","title":{"rendered":"Kvinne tiltalt for \u00e5 ha drept lillebroren \u2013 Radio Stavanger"},"content":{"rendered":"<p><br \/>\n<\/p>\n<div id=\"mvp-content-main\">\n<p class=\"radioh-ingress\"><strong>Kvinnen som er tiltalt for \u00e5 ha knivdrept sin yngre bror p\u00e5 Prinsdal i Oslo i oktober i fjor, m\u00e5 m\u00f8te i retten i november. Hun blir trolig d\u00f8mt til tvungent psykisk helsevern, if\u00f8lge forsvareren.<\/strong>\n<\/p>\n<p><strong>Innenriks<\/strong>: Tiltaltes forsvarer, Cecilie Nakstad, sier til Aftenposten at kvinnen erkjenner de faktiske forholdene som er beskrevet i tiltalen, men at hun ikke erkjenner straffskyld.\n<\/p>\n<p>\u2013 Det er imidlertid klart at hun ikke var tilregnelig p\u00e5 gjerningstidspunktet, og derfor erkjenner hun heller ikke straffskyld. P\u00e5talemyndigheten har varslet p\u00e5stand om dom p\u00e5 tvungent psykisk helsevern, og hun kommer til \u00e5 samtykke til en slik dom, sier forsvareren.\n<\/p>\n<p>If\u00f8lge tiltalen stakk den da 19 \u00e5r gamle somaliske kvinnen sin ett \u00e5r yngre bror en rekke ganger med kniv slik at han d\u00f8de.\n<\/p>\n<p>Statsadvokat Richard Beck Pedersen sier de mener vilk\u00e5rene for tvungent psykisk helsevern er oppfylt, og at endelig standpunkt tas etter avsluttet bevisf\u00f8rsel.<\/p>\n<p>\u2013 Motivet synes vesentlig forankret i tiltaltes sviktende virkelighetsforst\u00e5else, som begrunner tvungent psykisk helsevern, sier Pedersen.\n<\/p>\n<p>(\u00a9NTB)\n<\/p>\n<\/p><\/div>\n<p><script async defer crossorigin=\"anonymous\" data-lazy=\"w3tc\" data-src=\"https:\/\/connect.facebook.net\/nb_NO\/sdk.js#xfbml=1&#038;version=v18.0\"><\/script><br \/>\n<br \/><br \/>\n<br \/><a href=\"https:\/\/radioh.no\/kvinne-tiltalt-for-a-ha-drept-lillebroren\/\">Kilde <\/a><\/p>","protected":false},"excerpt":{"rendered":"<p>Kvinnen som er tiltalt for \u00e5 ha knivdrept sin yngre bror p\u00e5 Prinsdal i Oslo i oktober i fjor, m\u00e5 m\u00f8te i retten i november. Hun blir trolig d\u00f8mt til tvungent psykisk helsevern, if\u00f8lge forsvareren. Innenriks: Tiltaltes forsvarer, Cecilie Nakstad, sier til Aftenposten at kvinnen erkjenner de faktiske forholdene som er beskrevet i tiltalen, men [&hellip;]<\/p>","protected":false},"author":1,"featured_media":20326,"comment_status":"","ping_status":"","sticky":false,"template":"","format":"standard","meta":{"footnotes":""},"categories":[107],"tags":[],"tmauthors":[],"class_list":["post-20325","post","type-post","status-publish","format-standard","has-post-thumbnail","category-nyheter"],"_links":{"self":[{"href":"https:\/\/radiostavanger.no\/index.php?rest_route=\/wp\/v2\/posts\/20325","targetHints":{"allow":["GET"]}}],"collection":[{"href":"https:\/\/radiostavanger.no\/index.php?rest_route=\/wp\/v2\/posts"}],"about":[{"href":"https:\/\/radiostavanger.no\/index.php?rest_route=\/wp\/v2\/types\/post"}],"author":[{"embeddable":true,"href":"https:\/\/radiostavanger.no\/index.php?rest_route=\/wp\/v2\/users\/1"}],"replies":[{"embeddable":true,"href":"https:\/\/radiostavanger.no\/index.php?rest_route=%2Fwp%2Fv2%2Fcomments&post=20325"}],"version-history":[{"count":0,"href":"https:\/\/radiostavanger.no\/index.php?rest_route=\/wp\/v2\/posts\/20325\/revisions"}],"wp:featuredmedia":[{"embeddable":true,"href":"https:\/\/radiostavanger.no\/index.php?rest_route=\/wp\/v2\/media\/20326"}],"wp:attachment":[{"href":"https:\/\/radiostavanger.no\/index.php?rest_route=%2Fwp%2Fv2%2Fmedia&parent=20325"}],"wp:term":[{"taxonomy":"category","embeddable":true,"href":"https:\/\/radiostavanger.no\/index.php?rest_route=%2Fwp%2Fv2%2Fcategories&post=20325"},{"taxonomy":"post_tag","embeddable":true,"href":"https:\/\/radiostavanger.no\/index.php?rest_route=%2Fwp%2Fv2%2Ftags&post=20325"},{"taxonomy":"tmauthors","embeddable":true,"href":"https:\/\/radiostavanger.no\/index.php?rest_route=%2Fwp%2Fv2%2Ftmauthors&post=20325"}],"curies":[{"name":"wp","href":"https:\/\/api.w.org\/{rel}","templated":true}]}}