{"id":20347,"date":"2026-09-02T04:21:24","date_gmt":"2026-09-02T04:21:24","guid":{"rendered":"https:\/\/radiostavanger.no\/?p=20347"},"modified":"2026-09-02T04:21:24","modified_gmt":"2026-09-02T04:21:24","slug":"meta-tvinges-til-a-beskytte-barn-pa-nett-men-ingen-vet-hvordan-radio-stavanger","status":"publish","type":"post","link":"https:\/\/radiostavanger.no\/?p=20347","title":{"rendered":"Meta tvinges til \u00e5 beskytte barn p\u00e5 nett \u2013 men ingen vet hvordan \u2013 Radio Stavanger"},"content":{"rendered":"<p><br \/>\n<\/p>\n<div id=\"mvp-content-main\">\n<p class=\"radioh-ingress\"><strong>Metas retningslinjer forbyr barn under 13 \u00e5r \u00e5 bruke Facebook eller Instagram, mens det skal v\u00e6re begrensninger for ten\u00e5ringers bruk. Hvordan Meta vil sikre at reglene f\u00f8lges, er fortsatt ubesvart.<\/strong>\n<\/p>\n<p><strong>Utenriks<\/strong>: Meta har lenge v\u00e6rt anklaget for \u00e5 designe sosiale medier for \u00e5 gj\u00f8re barn avhengige av dem.\n<\/p>\n<p>29 amerikanske delstater gikk nylig til sak mot Meta og anklaget selskapet for \u00e5 bygge sine sosiale plattformer, blant dem Facebook og Instagram, for \u00e5 hanke inn unge brukere, villede brukerne om risikoen og samle inn persondata om unge under 13 \u00e5r i strid med personvernet. Selskapet har ogs\u00e5 m\u00f8tt stadig sterkere press fra land over hele verden om \u00e5 begrense barns tilgang til sosiale medier\n<\/p>\n<p>Saken endte med forlik, der Meta gikk med p\u00e5 \u00e5 betale nesten 17 milliarder dollar til delstatene, samt begrense unges bruk av plattformene sine.\n<\/p>\n<p>New Yorks justisminister Letitia James opplyser til CBS News at den \u00f8konomiske avtalen n\u00e5 vil hjelpe delstater med \u00e5 tilby psykiske helsetjenester for unge og informere befolkningen om de potensielle skadene ved sosiale medier.<\/p>\n<p>Det store sp\u00f8rsm\u00e5let blir imidlertid hvordan Meta skal gjennomf\u00f8re de nye begrensningene og hvilke juridiske problemer som kan oppst\u00e5.\n<\/p>\n<h2>Bursdagsfeiringer<\/h2>\n<p>\nMeta har erkjent at yngre brukere kan lyve om alderen sin n\u00e5r de oppretter kontoer. Meta har hittil ikke bedt brukerne om aldersbevis, som for eksempel legitimasjon med bilde. I stedet sier selskapet at det ser etter andre tegn, som innlegg av feiringer av bursdager eller av skolekarakterer \u2013 for \u00e5 identifisere kontoer som brukes av barn.\n<\/p>\n<p>N\u00e5 krever forliket at Meta gj\u00f8r omfattende endringer knyttet til brukere under 18 \u00e5r, som \u00e5 innf\u00f8re daglige bruksgrenser og deaktivere push-varsler om natten.\n<\/p>\n<p>Det krever ogs\u00e5 strengere alderskontroll for unge brukere, men p\u00e5legger ikke Meta \u00e5 ta i bruk strenge verifiseringstiltak som \u00e5 sjekke legitimasjon med bilde eller be brukere laste opp en video-selfie.\n<\/p>\n<h2>Flere grep<\/h2>\n<p>\nForliket retter s\u00e6rlig oppmerksomhet mot alderskontroll for barn under 13 \u00e5r. Meta m\u00e5 ta ekstra grep \u2013 som \u00e5 s\u00f8ke gjennom vennenettverk til de yngste brukernes kontoer for \u00e5 identifisere og fjerne dem.<\/p>\n<p>Selskapet m\u00e5 ogs\u00e5 gj\u00f8re det enklere for brukere av sosiale medier \u00e5 rapportere kontoer som mistenkes \u00e5 tilh\u00f8re barn, og forliket \u00e5pner for at en uavhengig revisor kan gjennomg\u00e5 Metas arbeid med alderskontroll.\n<\/p>\n<p>Forliket tillater Meta, midlertidig, \u00e5 bruke noe data generert av barn. Dette materialet skal trene en KI-modell til \u00e5 oppdage brukere under 13 \u00e5r i fremtiden.\n<\/p>\n<h2>Juridiske hindringer?<\/h2>\n<p>\nMeta har tidligere beskrevet b\u00e5de juridiske og praktiske hindringer for strengere aldersverifisering, blant annet har selskapet vist til en f\u00f8deral lov fra 1998 kalt Children\u2019s Online Privacy Protection Act, eller Coppa.\n<\/p>\n<p>Meta og andre lignende selskaper har hevdet at denne loven setter dem i en vanskelig situasjon. Loven begrenser muligheten til \u00e5 samle inn den typen data som p\u00e5litelig kan verifisere en persons alder \u2013 som legitimasjon, biometrisk informasjon eller detaljerte registre over nettaktivitet.\n<\/p>\n<p>Eksperter som arbeider for bedre beskyttelse av barn p\u00e5 nett, har imidlertid hevdet at Coppa brukes som en unnskyldning for \u00e5 unng\u00e5 \u00e5 ta ansvar i forhold til barn.<\/p>\n<h2>Barns personvern?<\/h2>\n<p>\nForliket har fors\u00f8kt \u00e5 finne en balanse mellom personvern og alderskontroll, ved \u00e5 kreve mer proaktive aldersverifiseringstiltak, uten \u00e5 utl\u00f8se potensielle brudd p\u00e5 Coppa.\n<\/p>\n<p>Flere amerikanske delstater, som hadde saks\u00f8kt Meta med p\u00e5stand om brudd p\u00e5 personvern p\u00e5 nett, trakk disse kravene som del av forliket.\n<\/p>\n<p>Metas toppsjef Mark Zuckerberg har uttalt at aldersverifisering ville v\u00e6re mer effektivt hvis det ble h\u00e5ndtert av produsenter av mobile enheter.\n<\/p>\n<p>En slik tiln\u00e6rming er tatt i bruk av en lov i delstaten Texas, som krever at personer under 18 \u00e5r m\u00e5 ha foreldres samtykke f\u00f8r de laster ned en aldersregulert app p\u00e5 enheten sin.\n<\/p>\n<p>(\u00a9NTB)<\/p>\n<\/p><\/div>\n<p><script async defer crossorigin=\"anonymous\" data-lazy=\"w3tc\" data-src=\"https:\/\/connect.facebook.net\/nb_NO\/sdk.js#xfbml=1&#038;version=v18.0\"><\/script><br \/>\n<br \/><br \/>\n<br \/><a href=\"https:\/\/radioh.no\/meta-tvinges-til-a-beskytte-barn-pa-nett-men-ingen-vet-hvordan\/\">Kilde <\/a><\/p>","protected":false},"excerpt":{"rendered":"<p>Metas retningslinjer forbyr barn under 13 \u00e5r \u00e5 bruke Facebook eller Instagram, mens det skal v\u00e6re begrensninger for ten\u00e5ringers bruk. Hvordan Meta vil sikre at reglene f\u00f8lges, er fortsatt ubesvart. Utenriks: Meta har lenge v\u00e6rt anklaget for \u00e5 designe sosiale medier for \u00e5 gj\u00f8re barn avhengige av dem. 29 amerikanske delstater gikk nylig til sak [&hellip;]<\/p>","protected":false},"author":1,"featured_media":20348,"comment_status":"","ping_status":"","sticky":false,"template":"","format":"standard","meta":{"footnotes":""},"categories":[107],"tags":[],"tmauthors":[],"class_list":["post-20347","post","type-post","status-publish","format-standard","has-post-thumbnail","category-nyheter"],"_links":{"self":[{"href":"https:\/\/radiostavanger.no\/index.php?rest_route=\/wp\/v2\/posts\/20347","targetHints":{"allow":["GET"]}}],"collection":[{"href":"https:\/\/radiostavanger.no\/index.php?rest_route=\/wp\/v2\/posts"}],"about":[{"href":"https:\/\/radiostavanger.no\/index.php?rest_route=\/wp\/v2\/types\/post"}],"author":[{"embeddable":true,"href":"https:\/\/radiostavanger.no\/index.php?rest_route=\/wp\/v2\/users\/1"}],"replies":[{"embeddable":true,"href":"https:\/\/radiostavanger.no\/index.php?rest_route=%2Fwp%2Fv2%2Fcomments&post=20347"}],"version-history":[{"count":0,"href":"https:\/\/radiostavanger.no\/index.php?rest_route=\/wp\/v2\/posts\/20347\/revisions"}],"wp:featuredmedia":[{"embeddable":true,"href":"https:\/\/radiostavanger.no\/index.php?rest_route=\/wp\/v2\/media\/20348"}],"wp:attachment":[{"href":"https:\/\/radiostavanger.no\/index.php?rest_route=%2Fwp%2Fv2%2Fmedia&parent=20347"}],"wp:term":[{"taxonomy":"category","embeddable":true,"href":"https:\/\/radiostavanger.no\/index.php?rest_route=%2Fwp%2Fv2%2Fcategories&post=20347"},{"taxonomy":"post_tag","embeddable":true,"href":"https:\/\/radiostavanger.no\/index.php?rest_route=%2Fwp%2Fv2%2Ftags&post=20347"},{"taxonomy":"tmauthors","embeddable":true,"href":"https:\/\/radiostavanger.no\/index.php?rest_route=%2Fwp%2Fv2%2Ftmauthors&post=20347"}],"curies":[{"name":"wp","href":"https:\/\/api.w.org\/{rel}","templated":true}]}}