{"id":20353,"date":"2026-09-02T04:52:41","date_gmt":"2026-09-02T04:52:41","guid":{"rendered":"https:\/\/radiostavanger.no\/?p=20353"},"modified":"2026-09-02T04:52:41","modified_gmt":"2026-09-02T04:52:41","slug":"en-tidlos-historie-om-kjaerlighet-radio-stavanger","status":"publish","type":"post","link":"https:\/\/radiostavanger.no\/?p=20353","title":{"rendered":"\u2013 En tidl\u00f8s historie om kj\u00e6rlighet \u2013 Radio Stavanger"},"content":{"rendered":"<p><br \/>\n<\/p>\n<div id=\"mvp-content-main\">\n<p class=\"radioh-ingress\"><strong>Mektig, men karrig, norsk natur og en sterk kj\u00e6rlighetshistorie \u2013 \u00abf\u00f8dt av n\u00f8d og n\u00f8dvendighet\u00bb \u2013 er ingrediensene i Hans Petter Molands nye, norske Oscar-kandidat.<\/strong>\n<\/p>\n<p><strong>Innenriks<\/strong>: \u00abMarkens gr\u00f8de\u00bb ble bekjentgjort tirsdag som Norges nye h\u00e5p, etter den sterke banen til Joachim Triers \u00abAffeksjonsverdi\u00bb.\n<\/p>\n<p>Og bak ligger Knut Hamsuns episke fortelling fra 1917, som innbrakte ham nobelprisen i litteratur.\n<\/p>\n<p>\u2013 Jeg tror at en av de tingene som gj\u00f8r denne historien s\u00e5 god, er at den f\u00f8les, for meg i hvert fall, helt tidl\u00f8s, sier Moland til NTB.\n<\/p>\n<h2>Vind i seilene<\/h2>\n<p>\nF\u00f8r norsk kinopremiere venter 30. oktober, skal \u00abMarkens gr\u00f8de\u00bb ut i verden. F\u00f8rst til verdenspremieren i Toronto senere denne m\u00e5neden, deretter til San Sebastian.<\/p>\n<p>\u2013 Hele h\u00f8sten er full av festivaler, sa produsent H\u00e5kon \u00d8ver\u00e5s i produksjonsselskapet 4 1\/2 til NTB. Med tanke p\u00e5 Oscar handler det om \u00e5 f\u00e5 de riktige folkene \u2013 medlemmene av Oscar-akademiet ikke minst \u2013 til faktisk \u00e5 se Hamsun-filmatiseringen.\n<\/p>\n<p>\u2013 Dette gir oss b\u00e5de selvtillit og litt vind i seilene, og tro p\u00e5 at denne filmen vil ha noe \u00e5 gj\u00f8re der hvor den n\u00e5 ender opp med \u00e5 m\u00f8te publikum, sier filmskaperen selv.\n<\/p>\n<p>Dette er hans andre norske Oscar-kandidatur: Det f\u00f8rste var med en annen romanadapsjon, \u00abUt og stj\u00e6le hester\u00bb i 2019, basert p\u00e5 Per Pettersons bok.\n<\/p>\n<h2>Gjenkjennelig<\/h2>\n<p>\nHamsun lar i romanen Isak komme over fjellet, ingen vet hvorfra. Ingen vet heller hvilken tid vi er i, if\u00f8lge Moland, som utdyper:\n<\/p>\n<p>\u2013 Det er utgangspunktet for en historie som etter hvert handler om m\u00f8tet med Inger, og et liv og en kamp sammen. Og etter hvert en utenverden som manifesterer seg.<\/p>\n<p>Isak begynner sitt nybrottsarbeid der hvor jorden er skrinnest, rett og slett fordi det er den som er igjen \u2013 til overs, fordi ingen andre vil ha den.\n<\/p>\n<p>\u2013 Mange sm\u00e5bruk i Norge er unnseelige. Men mange stolte g\u00e5rdbrukere har br\u00f8df\u00f8dt familien sin p\u00e5 magre premisser, sier Moland:\n<\/p>\n<p>\u2013 Det er grunnlaget for et egenverd og veldig gjenkjennelig i Norge, hvor mange har besteforeldre eller foreldre som klarte seg med veldig mye mindre enn det vi klarer oss med i dag, fortsetter regiss\u00f8ren som er g\u00e5rdbrukers\u00f8nn, slik ogs\u00e5 Hamsun var.\n<\/p>\n<h2>T\u00f8ffe tak som Isak<\/h2>\n<p>\nHerbert Nordrum m\u00e5tte gi seg i kast med hardt fysisk arbeid i rollen som nybrottsmannen Isak. Filmtraileren viser slitet hans i en evig kamp mot naturen.\n<\/p>\n<p>\u2013 Vi var gjennom alt du kan se for deg, ogs\u00e5 \u00e5 bryte stein. Det var en stor dannelsesreise for min del, medgir Nordrum med et skjevt smil n\u00e5r han minnes innspillingstiden:<\/p>\n<p>\u2013 Det er det man dr\u00f8mmer om, \u00e5 f\u00e5 l\u00e6re s\u00e5 mye hver gang man g\u00e5r inn i en rolle. Denne gangen var det en bratt l\u00e6ringskurve, sier han og nikker mot Moland med ordene \u00abhan kan alt\u00bb.\n<\/p>\n<p>\u2013 Jeg var en slags veiviser inn i gamle dager, for alle var yngre enn meg p\u00e5 denne produksjonen. De aller fleste var p\u00e5 alder med barna mine! smiler filmskaperen (70).\n<\/p>\n<h2>Livslang kj\u00e6rlighet<\/h2>\n<p>\nMest av alt handler \u00abMarkens gr\u00f8de\u00bb om kj\u00e6rligheten, slik Hans Petter Moland ser det.\n<\/p>\n<p>\u2013 Inger og Isak m\u00f8tes av n\u00f8d og n\u00f8dvendighet, og ikke som vi gjerne gj\u00f8r i dag \u2013 med pasjon og kj\u00e6rlighet ved f\u00f8rste blikk. Likevel skildrer \u00abMarkens gr\u00f8de\u00bb en kj\u00e6rlighet som er dyp og endelig og livslang, selv om den settes p\u00e5 noen harde pr\u00f8ver.\n<\/p>\n<p>Herbert Nordrum (39) tror \u00aballe vil kunne kjenne seg igjen i historien, alle som kan slite seg gjennom livet\u00bb.<\/p>\n<p>\u2013 Og det er jo de fleste, legger Nordrum, n\u00e5 atskillig mer glattbarbert enn sin rollekarakter, til.\n<\/p>\n<p>Som hans motspiller fant Moland fram til Asta Kamma August (34). Hun er datter av det tidligere filmparet Bille og Pernilla August, og Moland hadde henne f\u00f8rst i tankene til et annet filmprosjekt.\n<\/p>\n<p>\u2013 Etter dette kommer alle til \u00e5 bli sl\u00e5tt i bakken, sp\u00e5r han.\n<\/p>\n<h2>Langt vekk fra KI<\/h2>\n<p>\nHerbert Nordrum smiler n\u00e5r han forteller hvordan han viste Asta Kamma August innspillingsstedet \u2013 og pekte langt oppi fjellet, et ordentlig \u00abder ingen skulle tru\u00bb-sted.\n<\/p>\n<p>N\u00e6rmere bestemt den fredede, s\u00e5kalte h\u00f8ydeg\u00e5rden Ormelid i Fortunsdalen i Luster. Opp dit, 450 meter over havet, bar det med alt innspillingsutstyret \u2013 og sengen som Moland m\u00e5tte ligge i de to f\u00f8rste ukene av innspillingen.<\/p>\n<p>\u2013 Jeg hadde hatt to ryggoperasjoner, r\u00f8per regiss\u00f8rveteranen.\n<\/p>\n<p>Alt kinogjengerne ser, er ekte natur, hard og ikke minst veldig bratt. Moland er klar i talen:\n<\/p>\n<p>\u2013 Vi kan si med h\u00e5nden p\u00e5 hjertet at kunstig intelligens ikke har noe i v\u00e5r verden \u00e5 gj\u00f8re, den har vi holdt p\u00e5 lang avstand n\u00e5r vi lagde denne filmen. De som ser den, vil kunne konstatere at det lukter av ekte natur og ekte v\u00e6r.\n<\/p>\n<p>(\u00a9NTB)\n<\/p>\n<\/p><\/div>\n<p><script async defer crossorigin=\"anonymous\" data-lazy=\"w3tc\" data-src=\"https:\/\/connect.facebook.net\/nb_NO\/sdk.js#xfbml=1&#038;version=v18.0\"><\/script><br \/>\n<br \/><br \/>\n<br \/><a href=\"https:\/\/radioh.no\/hans-petter-moland-om-markens-grode-en-tidlos-historie-om-kjaerlighet\/\">Kilde <\/a><\/p>","protected":false},"excerpt":{"rendered":"<p>Mektig, men karrig, norsk natur og en sterk kj\u00e6rlighetshistorie \u2013 \u00abf\u00f8dt av n\u00f8d og n\u00f8dvendighet\u00bb \u2013 er ingrediensene i Hans Petter Molands nye, norske Oscar-kandidat. Innenriks: \u00abMarkens gr\u00f8de\u00bb ble bekjentgjort tirsdag som Norges nye h\u00e5p, etter den sterke banen til Joachim Triers \u00abAffeksjonsverdi\u00bb. Og bak ligger Knut Hamsuns episke fortelling fra 1917, som innbrakte ham [&hellip;]<\/p>","protected":false},"author":1,"featured_media":20354,"comment_status":"","ping_status":"","sticky":false,"template":"","format":"standard","meta":{"footnotes":""},"categories":[107],"tags":[],"tmauthors":[],"class_list":["post-20353","post","type-post","status-publish","format-standard","has-post-thumbnail","category-nyheter"],"_links":{"self":[{"href":"https:\/\/radiostavanger.no\/index.php?rest_route=\/wp\/v2\/posts\/20353","targetHints":{"allow":["GET"]}}],"collection":[{"href":"https:\/\/radiostavanger.no\/index.php?rest_route=\/wp\/v2\/posts"}],"about":[{"href":"https:\/\/radiostavanger.no\/index.php?rest_route=\/wp\/v2\/types\/post"}],"author":[{"embeddable":true,"href":"https:\/\/radiostavanger.no\/index.php?rest_route=\/wp\/v2\/users\/1"}],"replies":[{"embeddable":true,"href":"https:\/\/radiostavanger.no\/index.php?rest_route=%2Fwp%2Fv2%2Fcomments&post=20353"}],"version-history":[{"count":0,"href":"https:\/\/radiostavanger.no\/index.php?rest_route=\/wp\/v2\/posts\/20353\/revisions"}],"wp:featuredmedia":[{"embeddable":true,"href":"https:\/\/radiostavanger.no\/index.php?rest_route=\/wp\/v2\/media\/20354"}],"wp:attachment":[{"href":"https:\/\/radiostavanger.no\/index.php?rest_route=%2Fwp%2Fv2%2Fmedia&parent=20353"}],"wp:term":[{"taxonomy":"category","embeddable":true,"href":"https:\/\/radiostavanger.no\/index.php?rest_route=%2Fwp%2Fv2%2Fcategories&post=20353"},{"taxonomy":"post_tag","embeddable":true,"href":"https:\/\/radiostavanger.no\/index.php?rest_route=%2Fwp%2Fv2%2Ftags&post=20353"},{"taxonomy":"tmauthors","embeddable":true,"href":"https:\/\/radiostavanger.no\/index.php?rest_route=%2Fwp%2Fv2%2Ftmauthors&post=20353"}],"curies":[{"name":"wp","href":"https:\/\/api.w.org\/{rel}","templated":true}]}}