{"id":20362,"date":"2026-09-02T06:13:58","date_gmt":"2026-09-02T06:13:58","guid":{"rendered":"https:\/\/radiostavanger.no\/?p=20362"},"modified":"2026-09-02T06:13:58","modified_gmt":"2026-09-02T06:13:58","slug":"barnevernsforetak-ma-stoppe-virksomheten-etter-ansettelse-av-forvaringsdomt-radio-stavanger","status":"publish","type":"post","link":"https:\/\/radiostavanger.no\/?p=20362","title":{"rendered":"Barnevernsforetak m\u00e5 stoppe virksomheten etter ansettelse av forvaringsd\u00f8mt \u2013 Radio Stavanger"},"content":{"rendered":"<p><br \/>\n<\/p>\n<div id=\"mvp-content-main\">\n<p class=\"radioh-ingress\"><strong>Barnevernsforetaket Bevisstung har mistet godkjenningen til \u00e5 drive barnevernsinstitusjoner etter at politiet varslet om at flere ansatte har alvorlig og nylig straffehistorikk.<\/strong>\n<\/p>\n<p><strong>Innenriks<\/strong>: Det skriver Klassekampen.\n<\/p>\n<p>Blant de ansatte fant politiet en person som i 2020 ble d\u00f8mt til forvaring for grov kroppsskade.\n<\/p>\n<p>Han hadde i en periode i 2023 jobbet som milj\u00f8arbeider i foretaket mens han var pr\u00f8vel\u00f8slatt, og er i dag tilbake i forvaring etter nye voldslovbrudd.\n<\/p>\n<p>Vedkommende var blant 30 prosent av ansatte der det ikke hadde blitt s\u00f8kt om politiattest.<\/p>\n<p>Da politiet unders\u00f8kte ansatte i Bevisstung-konsernet, fant de ogs\u00e5 flere andre domfelte. Flere var d\u00f8mt for alvorlig kriminalitet de siste to \u00e5rene.\n<\/p>\n<p>\u2013 At vi finner s\u00e5 mange ansatte som er domfelt og med s\u00e5 alvorlige dommer hos en akt\u00f8r som driver barnevernsinstitusjon, er sv\u00e6rt alvorlig, sier politiinspekt\u00f8r Guro Siljan i S\u00f8r\u00f8st politidistrikt til Klassekampen.\n<\/p>\n<p>\u2013 Her er det en \u00e5penbar risiko for at det kan skje rekruttering til kriminelle milj\u00f8er, fortsetter hun.\n<\/p>\n<p>Politiet meldte fra om funnene til Bufetat, som 21. august trakk tilbake godkjenningen. De siste barna flyttet ut i f\u00f8rste halvdel av august.\n<\/p>\n<p>Klassekampen har spurt daglig leder i Bevisstung Bolig, Susanne Styrmoe Etminan, om deres vurderinger i saken. Hun vil ikke kommentere enkeltpersoner, men sier de er i gang med en fullstendig gjennomgang av sakskomplekset.<\/p>\n<p>Divisjonsdirekt\u00f8r i Bufdir Jan Kato Fremstad sier til Klassekampen at de gj\u00f8r et arbeid for \u00e5 skjerpe rutiner, for eksempel p\u00e5 hvem de b\u00f8r se politiattest p\u00e5 og hvilke lovbrudd attesten b\u00f8r omfatte.\n<\/p>\n<p>\u2013 Vi ser eksempelvis p\u00e5 hvem vi b\u00f8r f\u00e5 se politiattest p\u00e5, hvilke lovbrudd attesten b\u00f8r omfatte og hvor ofte vi b\u00f8r oppdatere den. Vi ser noen svakheter, sier Fremstad.\n<\/p>\n<p>(\u00a9NTB)\n<\/p>\n<\/p><\/div>\n<p><script async defer crossorigin=\"anonymous\" data-lazy=\"w3tc\" data-src=\"https:\/\/connect.facebook.net\/nb_NO\/sdk.js#xfbml=1&#038;version=v18.0\"><\/script><br \/>\n<br \/><br \/>\n<br \/><a href=\"https:\/\/radioh.no\/barnevernsforetak-ma-stoppe-virksomheten-etter-ansettelse-av-forvaringsdomt\/\">Kilde <\/a><\/p>","protected":false},"excerpt":{"rendered":"<p>Barnevernsforetaket Bevisstung har mistet godkjenningen til \u00e5 drive barnevernsinstitusjoner etter at politiet varslet om at flere ansatte har alvorlig og nylig straffehistorikk. Innenriks: Det skriver Klassekampen. Blant de ansatte fant politiet en person som i 2020 ble d\u00f8mt til forvaring for grov kroppsskade. Han hadde i en periode i 2023 jobbet som milj\u00f8arbeider i foretaket [&hellip;]<\/p>","protected":false},"author":1,"featured_media":20363,"comment_status":"","ping_status":"","sticky":false,"template":"","format":"standard","meta":{"footnotes":""},"categories":[107],"tags":[],"tmauthors":[],"class_list":["post-20362","post","type-post","status-publish","format-standard","has-post-thumbnail","category-nyheter"],"_links":{"self":[{"href":"https:\/\/radiostavanger.no\/index.php?rest_route=\/wp\/v2\/posts\/20362","targetHints":{"allow":["GET"]}}],"collection":[{"href":"https:\/\/radiostavanger.no\/index.php?rest_route=\/wp\/v2\/posts"}],"about":[{"href":"https:\/\/radiostavanger.no\/index.php?rest_route=\/wp\/v2\/types\/post"}],"author":[{"embeddable":true,"href":"https:\/\/radiostavanger.no\/index.php?rest_route=\/wp\/v2\/users\/1"}],"replies":[{"embeddable":true,"href":"https:\/\/radiostavanger.no\/index.php?rest_route=%2Fwp%2Fv2%2Fcomments&post=20362"}],"version-history":[{"count":0,"href":"https:\/\/radiostavanger.no\/index.php?rest_route=\/wp\/v2\/posts\/20362\/revisions"}],"wp:featuredmedia":[{"embeddable":true,"href":"https:\/\/radiostavanger.no\/index.php?rest_route=\/wp\/v2\/media\/20363"}],"wp:attachment":[{"href":"https:\/\/radiostavanger.no\/index.php?rest_route=%2Fwp%2Fv2%2Fmedia&parent=20362"}],"wp:term":[{"taxonomy":"category","embeddable":true,"href":"https:\/\/radiostavanger.no\/index.php?rest_route=%2Fwp%2Fv2%2Fcategories&post=20362"},{"taxonomy":"post_tag","embeddable":true,"href":"https:\/\/radiostavanger.no\/index.php?rest_route=%2Fwp%2Fv2%2Ftags&post=20362"},{"taxonomy":"tmauthors","embeddable":true,"href":"https:\/\/radiostavanger.no\/index.php?rest_route=%2Fwp%2Fv2%2Ftmauthors&post=20362"}],"curies":[{"name":"wp","href":"https:\/\/api.w.org\/{rel}","templated":true}]}}