{"id":20370,"date":"2026-09-02T06:38:54","date_gmt":"2026-09-02T06:38:54","guid":{"rendered":"https:\/\/radiostavanger.no\/?p=20370"},"modified":"2026-09-02T06:38:54","modified_gmt":"2026-09-02T06:38:54","slug":"stabburet-kutter-andelen-makrell-i-makrell-i-tomat-tause-om-pris-radio-stavanger","status":"publish","type":"post","link":"https:\/\/radiostavanger.no\/?p=20370","title":{"rendered":"Stabburet kutter andelen makrell i makrell i tomat \u2013 tause om pris \u2013 Radio Stavanger"},"content":{"rendered":"<p><br \/>\n<\/p>\n<div id=\"mvp-content-main\">\n<p class=\"radioh-ingress\"><strong>Orkla kutter andelen makrell i det folkekj\u00e6re p\u00e5legget, Stabbur-Makrell. De vil ikke si om prisen kuttes tilsvarende.<\/strong>\n<\/p>\n<p><strong>Innenriks<\/strong>: Det bekrefter Kristoffer Vikebak, kommunikasjonssjef i Orkla Foods til Dagbladets DinSide.\n<\/p>\n<p>\u2013 Makrellbestanden er under press, noe som har f\u00f8rt til reduserte kvoter, mindre tilgjengelig r\u00e5stoff og betydelig h\u00f8yere r\u00e5varepriser. For \u00e5 m\u00f8te denne utviklingen har vi redusert fiskeandelen i disse produktene noe, sier Vikebak til DinSide.\n<\/p>\n<p>Tre pakker vil f\u00e5 redusert fiskeinnhold:\n<\/p>\n<p>* Filet 170 g g\u00e5r fra 71 prosent fisk til 60 prosent<\/p>\n<p>* Filet 110 g g\u00e5r fra 60 til 55 prosent fisk\n<\/p>\n<p>* Grovhakket 110 g\u00e5r fra 60 til 55 prosent fisk\n<\/p>\n<p>Vikebak sier de har justert oppskriften for \u00e5 bevare smaken best mulig, og forventer liten smaksendring. Han \u00f8nsker likevel \u00e5 v\u00e6re \u00e5pen om endringen.\n<\/p>\n<p>Om det blir en endring i prisen, kan han ikke kommentere. Han viser til at r\u00e5vareprisene p\u00e5 makrell generelt har \u00f8kt kraftig.\n<\/p>\n<p>(\u00a9NTB)<\/p>\n<\/p><\/div>\n<p><script async defer crossorigin=\"anonymous\" data-lazy=\"w3tc\" data-src=\"https:\/\/connect.facebook.net\/nb_NO\/sdk.js#xfbml=1&#038;version=v18.0\"><\/script><br \/>\n<br \/><br \/>\n<br \/><a href=\"https:\/\/radioh.no\/stabburet-kutter-andelen-makrell-i-makrell-i-tomat-tause-om-pris\/\">Kilde <\/a><\/p>","protected":false},"excerpt":{"rendered":"<p>Orkla kutter andelen makrell i det folkekj\u00e6re p\u00e5legget, Stabbur-Makrell. De vil ikke si om prisen kuttes tilsvarende. Innenriks: Det bekrefter Kristoffer Vikebak, kommunikasjonssjef i Orkla Foods til Dagbladets DinSide. \u2013 Makrellbestanden er under press, noe som har f\u00f8rt til reduserte kvoter, mindre tilgjengelig r\u00e5stoff og betydelig h\u00f8yere r\u00e5varepriser. For \u00e5 m\u00f8te denne utviklingen har vi [&hellip;]<\/p>","protected":false},"author":1,"featured_media":20371,"comment_status":"","ping_status":"","sticky":false,"template":"","format":"standard","meta":{"footnotes":""},"categories":[107],"tags":[],"tmauthors":[],"class_list":["post-20370","post","type-post","status-publish","format-standard","has-post-thumbnail","category-nyheter"],"_links":{"self":[{"href":"https:\/\/radiostavanger.no\/index.php?rest_route=\/wp\/v2\/posts\/20370","targetHints":{"allow":["GET"]}}],"collection":[{"href":"https:\/\/radiostavanger.no\/index.php?rest_route=\/wp\/v2\/posts"}],"about":[{"href":"https:\/\/radiostavanger.no\/index.php?rest_route=\/wp\/v2\/types\/post"}],"author":[{"embeddable":true,"href":"https:\/\/radiostavanger.no\/index.php?rest_route=\/wp\/v2\/users\/1"}],"replies":[{"embeddable":true,"href":"https:\/\/radiostavanger.no\/index.php?rest_route=%2Fwp%2Fv2%2Fcomments&post=20370"}],"version-history":[{"count":0,"href":"https:\/\/radiostavanger.no\/index.php?rest_route=\/wp\/v2\/posts\/20370\/revisions"}],"wp:featuredmedia":[{"embeddable":true,"href":"https:\/\/radiostavanger.no\/index.php?rest_route=\/wp\/v2\/media\/20371"}],"wp:attachment":[{"href":"https:\/\/radiostavanger.no\/index.php?rest_route=%2Fwp%2Fv2%2Fmedia&parent=20370"}],"wp:term":[{"taxonomy":"category","embeddable":true,"href":"https:\/\/radiostavanger.no\/index.php?rest_route=%2Fwp%2Fv2%2Fcategories&post=20370"},{"taxonomy":"post_tag","embeddable":true,"href":"https:\/\/radiostavanger.no\/index.php?rest_route=%2Fwp%2Fv2%2Ftags&post=20370"},{"taxonomy":"tmauthors","embeddable":true,"href":"https:\/\/radiostavanger.no\/index.php?rest_route=%2Fwp%2Fv2%2Ftmauthors&post=20370"}],"curies":[{"name":"wp","href":"https:\/\/api.w.org\/{rel}","templated":true}]}}