{"id":20374,"date":"2026-09-02T06:57:56","date_gmt":"2026-09-02T06:57:56","guid":{"rendered":"https:\/\/radiostavanger.no\/?p=20374"},"modified":"2026-09-02T06:57:56","modified_gmt":"2026-09-02T06:57:56","slug":"stortinget-tok-farvel-ved-kong-haralds-bare-radio-stavanger","status":"publish","type":"post","link":"https:\/\/radiostavanger.no\/?p=20374","title":{"rendered":"Stortinget tok farvel ved kong Haralds b\u00e5re \u2013 Radio Stavanger"},"content":{"rendered":"<p><br \/>\n<\/p>\n<div id=\"mvp-content-main\">\n<p class=\"radioh-ingress\"><strong>Stortingets presidentskap og de parlamentariske lederne tok farvel ved kong Haralds b\u00e5re i Slottskapellet onsdag morgen.<\/strong>\n<\/p>\n<p><strong>Innenriks<\/strong>: Slottskapellet ble \u00e5pnet for defilering tirsdag, og hundrevis av s\u00f8rgende nordmenn stod i k\u00f8 for \u00e5 ta farvel med kong Harald.\n<\/p>\n<p>Tirsdag, f\u00f8r \u00e5pningstid, ble d\u00f8rene \u00e5pnet for Stortingets presidentskap og de parlamentariske lederne.\n<\/p>\n<p>Kongens b\u00e5re vil st\u00e5 i Slottskapellet fram til gravferdsdagen, og kapellet er \u00e5pent for alle som vil ta farvel frem til dagen f\u00f8r. \u00c5pningstidene er klokken 10-18 hver dag.\n<\/p>\n<p>(\u00a9NTB)<\/p>\n<\/p><\/div>\n<p><script async defer crossorigin=\"anonymous\" data-lazy=\"w3tc\" data-src=\"https:\/\/connect.facebook.net\/nb_NO\/sdk.js#xfbml=1&#038;version=v18.0\"><\/script><br \/>\n<br \/><br \/>\n<br \/><a href=\"https:\/\/radioh.no\/stortinget-tok-farvel-ved-kong-haralds-bare\/\">Kilde <\/a><\/p>","protected":false},"excerpt":{"rendered":"<p>Stortingets presidentskap og de parlamentariske lederne tok farvel ved kong Haralds b\u00e5re i Slottskapellet onsdag morgen. Innenriks: Slottskapellet ble \u00e5pnet for defilering tirsdag, og hundrevis av s\u00f8rgende nordmenn stod i k\u00f8 for \u00e5 ta farvel med kong Harald. Tirsdag, f\u00f8r \u00e5pningstid, ble d\u00f8rene \u00e5pnet for Stortingets presidentskap og de parlamentariske lederne. Kongens b\u00e5re vil st\u00e5 [&hellip;]<\/p>","protected":false},"author":1,"featured_media":20375,"comment_status":"","ping_status":"","sticky":false,"template":"","format":"standard","meta":{"footnotes":""},"categories":[107],"tags":[],"tmauthors":[],"class_list":["post-20374","post","type-post","status-publish","format-standard","has-post-thumbnail","category-nyheter"],"_links":{"self":[{"href":"https:\/\/radiostavanger.no\/index.php?rest_route=\/wp\/v2\/posts\/20374","targetHints":{"allow":["GET"]}}],"collection":[{"href":"https:\/\/radiostavanger.no\/index.php?rest_route=\/wp\/v2\/posts"}],"about":[{"href":"https:\/\/radiostavanger.no\/index.php?rest_route=\/wp\/v2\/types\/post"}],"author":[{"embeddable":true,"href":"https:\/\/radiostavanger.no\/index.php?rest_route=\/wp\/v2\/users\/1"}],"replies":[{"embeddable":true,"href":"https:\/\/radiostavanger.no\/index.php?rest_route=%2Fwp%2Fv2%2Fcomments&post=20374"}],"version-history":[{"count":0,"href":"https:\/\/radiostavanger.no\/index.php?rest_route=\/wp\/v2\/posts\/20374\/revisions"}],"wp:featuredmedia":[{"embeddable":true,"href":"https:\/\/radiostavanger.no\/index.php?rest_route=\/wp\/v2\/media\/20375"}],"wp:attachment":[{"href":"https:\/\/radiostavanger.no\/index.php?rest_route=%2Fwp%2Fv2%2Fmedia&parent=20374"}],"wp:term":[{"taxonomy":"category","embeddable":true,"href":"https:\/\/radiostavanger.no\/index.php?rest_route=%2Fwp%2Fv2%2Fcategories&post=20374"},{"taxonomy":"post_tag","embeddable":true,"href":"https:\/\/radiostavanger.no\/index.php?rest_route=%2Fwp%2Fv2%2Ftags&post=20374"},{"taxonomy":"tmauthors","embeddable":true,"href":"https:\/\/radiostavanger.no\/index.php?rest_route=%2Fwp%2Fv2%2Ftmauthors&post=20374"}],"curies":[{"name":"wp","href":"https:\/\/api.w.org\/{rel}","templated":true}]}}