{"id":20380,"date":"2026-09-02T07:40:55","date_gmt":"2026-09-02T07:40:55","guid":{"rendered":"https:\/\/radiostavanger.no\/?p=20380"},"modified":"2026-09-02T07:40:55","modified_gmt":"2026-09-02T07:40:55","slug":"rundt-4000-tok-farvel-ved-kong-haralds-bare-i-gar-radio-stavanger","status":"publish","type":"post","link":"https:\/\/radiostavanger.no\/?p=20380","title":{"rendered":"Rundt 4000 tok farvel ved kong Haralds b\u00e5re i g\u00e5r \u2013 Radio Stavanger"},"content":{"rendered":"<p><br \/>\n<\/p>\n<div id=\"mvp-content-main\">\n<p class=\"radioh-ingress\"><strong>Tirsdag \u00e5pnet Slottskapellet for s\u00f8rgende nordmenn som vil ta farvel ved kong Haralds b\u00e5re. F\u00f8rste dag ble det rundt 4000 bes\u00f8kende, if\u00f8lge Slottet.<\/strong><\/p>\n<p><strong>Innenriks<\/strong>: Kongehuset opplyser tallet til NRK onsdag.<\/p>\n<p>Slottskapellet er \u00e5pent for publikum hver dag frem til tirsdag 8. september, dagen f\u00f8r gravferdsdagen. \u00c5pningstidene er klokken 10-18.<\/p>\n<p>(\u00a9NTB)<\/p>\n<\/p><\/div>\n<p><script async defer crossorigin=\"anonymous\" data-lazy=\"w3tc\" data-src=\"https:\/\/connect.facebook.net\/nb_NO\/sdk.js#xfbml=1&#038;version=v18.0\"><\/script><br \/>\n<br \/><br \/>\n<br \/><a href=\"https:\/\/radioh.no\/rundt-4000-tok-farvel-ved-kong-haralds-bare-i-gar\/\">Kilde <\/a><\/p>","protected":false},"excerpt":{"rendered":"<p>Tirsdag \u00e5pnet Slottskapellet for s\u00f8rgende nordmenn som vil ta farvel ved kong Haralds b\u00e5re. F\u00f8rste dag ble det rundt 4000 bes\u00f8kende, if\u00f8lge Slottet. Innenriks: Kongehuset opplyser tallet til NRK onsdag. Slottskapellet er \u00e5pent for publikum hver dag frem til tirsdag 8. september, dagen f\u00f8r gravferdsdagen. \u00c5pningstidene er klokken 10-18. (\u00a9NTB) Kilde<\/p>","protected":false},"author":1,"featured_media":20381,"comment_status":"","ping_status":"","sticky":false,"template":"","format":"standard","meta":{"footnotes":""},"categories":[107],"tags":[],"tmauthors":[],"class_list":["post-20380","post","type-post","status-publish","format-standard","has-post-thumbnail","category-nyheter"],"_links":{"self":[{"href":"https:\/\/radiostavanger.no\/index.php?rest_route=\/wp\/v2\/posts\/20380","targetHints":{"allow":["GET"]}}],"collection":[{"href":"https:\/\/radiostavanger.no\/index.php?rest_route=\/wp\/v2\/posts"}],"about":[{"href":"https:\/\/radiostavanger.no\/index.php?rest_route=\/wp\/v2\/types\/post"}],"author":[{"embeddable":true,"href":"https:\/\/radiostavanger.no\/index.php?rest_route=\/wp\/v2\/users\/1"}],"replies":[{"embeddable":true,"href":"https:\/\/radiostavanger.no\/index.php?rest_route=%2Fwp%2Fv2%2Fcomments&post=20380"}],"version-history":[{"count":0,"href":"https:\/\/radiostavanger.no\/index.php?rest_route=\/wp\/v2\/posts\/20380\/revisions"}],"wp:featuredmedia":[{"embeddable":true,"href":"https:\/\/radiostavanger.no\/index.php?rest_route=\/wp\/v2\/media\/20381"}],"wp:attachment":[{"href":"https:\/\/radiostavanger.no\/index.php?rest_route=%2Fwp%2Fv2%2Fmedia&parent=20380"}],"wp:term":[{"taxonomy":"category","embeddable":true,"href":"https:\/\/radiostavanger.no\/index.php?rest_route=%2Fwp%2Fv2%2Fcategories&post=20380"},{"taxonomy":"post_tag","embeddable":true,"href":"https:\/\/radiostavanger.no\/index.php?rest_route=%2Fwp%2Fv2%2Ftags&post=20380"},{"taxonomy":"tmauthors","embeddable":true,"href":"https:\/\/radiostavanger.no\/index.php?rest_route=%2Fwp%2Fv2%2Ftmauthors&post=20380"}],"curies":[{"name":"wp","href":"https:\/\/api.w.org\/{rel}","templated":true}]}}