{"id":20382,"date":"2026-09-02T07:46:55","date_gmt":"2026-09-02T07:46:55","guid":{"rendered":"https:\/\/radiostavanger.no\/?p=20382"},"modified":"2026-09-02T07:46:55","modified_gmt":"2026-09-02T07:46:55","slug":"folelsesladet-ariana-grande-tok-konsertfarvel-radio-stavanger","status":"publish","type":"post","link":"https:\/\/radiostavanger.no\/?p=20382","title":{"rendered":"F\u00f8lelsesladet Ariana Grande tok konsertfarvel \u2013 Radio Stavanger"},"content":{"rendered":"<p><br \/>\n<\/p>\n<div id=\"mvp-content-main\">\n<p class=\"radioh-ingress\"><strong>Ariana Grande var n\u00e6r ved \u00e5 ta til t\u00e5rene da hun holdt sin siste konsert f\u00f8r hun tar en pause i artistkarrieren.<\/strong>\n<\/p>\n<p><strong>Utenriks<\/strong>: \u2013 Jeg vil bare uttrykke min takknemlighet uten \u00e5 bryte ut i gr\u00e5t, sa stjernen til publikum i O2 Arena i London, skriver BBC, som noterer at det flere ganger under konserten var tydelig p\u00e5 stemmen hennes hvor f\u00f8lelsesladet hun var.\n<\/p>\n<p>Blant annet sviktet stemmen litt under l\u00e5ten \u00abNowhere, Nobody\u00bb da hun sang tekstlinjen \u00abHard to believe in a perfect ending\u00bb, en l\u00e5t som har en ekstra betydning for mange av dem som overlevde terrorangrepet i Manchester i 2017 i etterkant av Grandes konsert der.\n<\/p>\n<p>Men if\u00f8lge anmeldelsen varte det ikke lenge f\u00f8r Grande hentet seg inn igjen og var \u00abmagnetisk\u00bb p\u00e5 scenen.\n<\/p>\n<p>I forrige m\u00e5ned kunngjorde Ariana Grandes talsperson at artisten skulle trekke seg tilbake en periode. Blant annet trakk hun seg fra musikalen \u00abSunday in the Park with George\u00bb i London sommeren 2027.<\/p>\n<p>Beskjeden kom etter en storm av spekulasjoner i sosiale medier om stjernens vekt og helsetilstand, ikke minst etter at hun slapp musikkvideoen til sin nyeste singel \u00abPetal\u00bb.\n<\/p>\n<p>Ariana Grande har kritisert kommentarene om kroppen sin og hevdet at pausen i karrieren hadde v\u00e6rt planlagt lenge. Hun avrundet London-konserten med \u00e5 takke fansen.\n<\/p>\n<p>\u2013 Jeg har de beste fansen i hele verden, og det har jeg alltid hatt. Takk for all innsatsen deres og for at dere fortsetter \u00e5 gj\u00f8re dette s\u00e5 spesielt, sa popstjernen.\n<\/p>\n<p>(\u00a9NTB)\n<\/p>\n<\/p><\/div>\n<p><script async defer crossorigin=\"anonymous\" data-lazy=\"w3tc\" data-src=\"https:\/\/connect.facebook.net\/nb_NO\/sdk.js#xfbml=1&#038;version=v18.0\"><\/script><br \/>\n<br \/><br \/>\n<br \/><a href=\"https:\/\/radioh.no\/folelsesladet-ariana-grande-tok-konsertfarvel\/\">Kilde <\/a><\/p>","protected":false},"excerpt":{"rendered":"<p>Ariana Grande var n\u00e6r ved \u00e5 ta til t\u00e5rene da hun holdt sin siste konsert f\u00f8r hun tar en pause i artistkarrieren. Utenriks: \u2013 Jeg vil bare uttrykke min takknemlighet uten \u00e5 bryte ut i gr\u00e5t, sa stjernen til publikum i O2 Arena i London, skriver BBC, som noterer at det flere ganger under konserten [&hellip;]<\/p>","protected":false},"author":1,"featured_media":20383,"comment_status":"","ping_status":"","sticky":false,"template":"","format":"standard","meta":{"footnotes":""},"categories":[107],"tags":[],"tmauthors":[],"class_list":["post-20382","post","type-post","status-publish","format-standard","has-post-thumbnail","category-nyheter"],"_links":{"self":[{"href":"https:\/\/radiostavanger.no\/index.php?rest_route=\/wp\/v2\/posts\/20382","targetHints":{"allow":["GET"]}}],"collection":[{"href":"https:\/\/radiostavanger.no\/index.php?rest_route=\/wp\/v2\/posts"}],"about":[{"href":"https:\/\/radiostavanger.no\/index.php?rest_route=\/wp\/v2\/types\/post"}],"author":[{"embeddable":true,"href":"https:\/\/radiostavanger.no\/index.php?rest_route=\/wp\/v2\/users\/1"}],"replies":[{"embeddable":true,"href":"https:\/\/radiostavanger.no\/index.php?rest_route=%2Fwp%2Fv2%2Fcomments&post=20382"}],"version-history":[{"count":0,"href":"https:\/\/radiostavanger.no\/index.php?rest_route=\/wp\/v2\/posts\/20382\/revisions"}],"wp:featuredmedia":[{"embeddable":true,"href":"https:\/\/radiostavanger.no\/index.php?rest_route=\/wp\/v2\/media\/20383"}],"wp:attachment":[{"href":"https:\/\/radiostavanger.no\/index.php?rest_route=%2Fwp%2Fv2%2Fmedia&parent=20382"}],"wp:term":[{"taxonomy":"category","embeddable":true,"href":"https:\/\/radiostavanger.no\/index.php?rest_route=%2Fwp%2Fv2%2Fcategories&post=20382"},{"taxonomy":"post_tag","embeddable":true,"href":"https:\/\/radiostavanger.no\/index.php?rest_route=%2Fwp%2Fv2%2Ftags&post=20382"},{"taxonomy":"tmauthors","embeddable":true,"href":"https:\/\/radiostavanger.no\/index.php?rest_route=%2Fwp%2Fv2%2Ftmauthors&post=20382"}],"curies":[{"name":"wp","href":"https:\/\/api.w.org\/{rel}","templated":true}]}}