{"id":20401,"date":"2026-09-02T09:01:10","date_gmt":"2026-09-02T09:01:10","guid":{"rendered":"https:\/\/radiostavanger.no\/?p=20401"},"modified":"2026-09-02T09:01:10","modified_gmt":"2026-09-02T09:01:10","slug":"sykehusprest-tiltalt-for-seksuelle-overgrep-mot-pasient-arkiv","status":"publish","type":"post","link":"https:\/\/radiostavanger.no\/?p=20401","title":{"rendered":"Sykehusprest tiltalt for seksuelle overgrep mot pasient \u2013 Arkiv"},"content":{"rendered":"<p><br \/>\n<\/p>\n<div data-main-content=\"\" data-ec-list=\"article_body\" data-ec-name=\"br\u00f8dtekst\">\n<p>P\u00e5talemyndigheten mener sykehuspresten utnyttet kvinnens s\u00e5rbare situasjon til \u00e5 skaffe seg seksuell omgang.<\/p>\n<p>\u2013 Tiltalen omfatter b\u00e5de voldtekt og seksuell omgang oppn\u00e5dd gjennom misbruk av stilling og avhengighetsforhold. Dette er sv\u00e6rt alvorlige kriminelle handlinger som p\u00e5talemyndigheten ser sv\u00e6rt alvorlig p\u00e5.<\/p>\n<p>Det sier den ansvarlige statsadvokaten om saken som skal for retten p\u00e5 ny\u00e5ret.<\/p>\n<p>\u2013 Tiltalte er prest og tiltalen bygger p\u00e5 at han har misbrukt denne posisjonen.<\/p>\n<p>Relasjonen mellom den tiltalte sykehuspresten og den forn\u00e6rmede kvinnen startet for noen \u00e5r siden da kvinnen ved gjentatte anledninger var innlagt ved sykehuset han jobbet p\u00e5.<\/p>\n<p>Mannen skal etter hvert ha blitt en viktig st\u00f8tteperson for henne. If\u00f8lge tiltalen hadde de ukentlige samtaler over tid, og p\u00e5 denne m\u00e5ten fikk han god kjennskap til hennes s\u00e5rbare livssituasjon.<\/p>\n<h2>Forsvarer: \u2013 D\u00e5rlig vurderingsevne<\/h2>\n<p>P\u00e5talemakten mener at mannen utnyttet tillits- og avhengighetsforholdet som oppstod til \u00e5 skaffe seg seksuell omgang med kvinnen.<\/p>\n<p>Overgrepene skal ha skjedd et par \u00e5r etter at kontakten mellom sykehuspresten og kvinnen oppstod.<\/p>\n<p>Det f\u00f8rste overgrepet skal ha skjedd p\u00e5 mannens eget samtalerom ved sykehuset, mens kvinnen var innlagt for \u00e5 f\u00e5 hjelp etter \u00e5 ha blitt utsatt for et annet overgrep bare dagen f\u00f8r.<\/p>\n<div id=\"1.17689043.8d91e163\" class=\"g100 col fc s10 sl12 sl18 sg6 sg9 image-reference image-reference--F169\"><!-- include: \/serum\/render?id=1.17689043&size=10&perspective=RICH&alignment=CENTER&caption=ILLUSTRASJONSBILDE%3A+Kvinnens+bistandsadvokat+beskriver+saken+som+sv%C3%A6rt+alvorlig.&type=image&aspect=F169&parentSize=10 --><!-- START: \/templates\/image\/image-rich.jsp --><\/p>\n<figure class=\"image widget rich\">\n<div class=\"responsive-img F169\"><img decoding=\"async\" sizes=\"(min-width:1180px) 639px, (min-width:720px) 56vw, 100vw\" srcset=\"https:\/\/gfx.nrk.no\/dHoTlPsdfSd9Vv-QmM5cZQDLJgl4Il5CBXXqROzjmKCg.png 80w, https:\/\/gfx.nrk.no\/dHoTlPsdfSd9Vv-QmM5cZQH8KREQWTX1ZXXqROzjmKCg.png 160w, https:\/\/gfx.nrk.no\/dHoTlPsdfSd9Vv-QmM5cZQs0y0Y1FWGkNXXqROzjmKCg.png 350w, https:\/\/gfx.nrk.no\/dHoTlPsdfSd9Vv-QmM5cZQ0suhkMCROSVXXqROzjmKCg.png 450w, https:\/\/gfx.nrk.no\/dHoTlPsdfSd9Vv-QmM5cZQIGmoLv3BkphXXqROzjmKCg.png 650w, https:\/\/gfx.nrk.no\/dHoTlPsdfSd9Vv-QmM5cZQX4m4gEgGbkVXXqROzjmKCg.png 1000w, https:\/\/gfx.nrk.no\/dHoTlPsdfSd9Vv-QmM5cZQRCDrj47I5ZJXXqROzjmKCg.png 1200w, https:\/\/gfx.nrk.no\/dHoTlPsdfSd9Vv-QmM5cZQteVJcX-wCB5XXqROzjmKCg.png 1600w, https:\/\/gfx.nrk.no\/dHoTlPsdfSd9Vv-QmM5cZQe5V9NuL8gVxXXqROzjmKCg.png 2000w\" src=\"data:image\/gif;base64,R0lGODlhAQABAIAAAAAAAP\/\/\/yH5BAEAAAAALAAAAAABAAEAAAIBRAA7\" loading=\"eager\" alt=\"Illustrasjon av person i r\u00f8d genser som dekker ansiktet med hendene. Bak ham er et sykehus.\" title=\"\"\/><\/div><figcaption>\n<p class=\"no-credit\">ILLUSTRASJONSBILDE: Kvinnens bistandsadvokat beskriver saken som sv\u00e6rt alvorlig.<\/p>\n<\/figcaption><\/figure>\n<p><!-- END: \/templates\/image\/image-rich.jsp -->\n<\/div>\n<p>Det andre overgrepet skal ha skjedd i kvinnens hjem mens kvinnen var ute av stand til \u00e5 motsette seg de, if\u00f8lge tiltalen. P\u00e5talemakten mener mannen utnyttet dette.<\/p>\n<p><strong>Mannen erkjenner ikke straffskyld for at kvinnen skal ha v\u00e6rt ute av stand til \u00e5 motsette seg handlingen.<\/strong><\/p>\n<p>\u2013 Han har v\u00e6rt ansatt p\u00e5 sykehuset med ut\u00f8velse av omsorg. Det som har skjedd er en menneskelig svikt med d\u00e5rlig vurderingsevne. Det erkjenner han.<\/p>\n<p>Det sier forsvareren til den tiltalte mannen. Gjennom sin forsvarer beskriver mannen en vanskelig tid siden han ble siktet i saken.<\/p>\n<p>\u2013 Det har v\u00e6rt en vanskelig tid. Knallt\u00f8ft er ordet han bruker, sier forsvareren.<\/p>\n<h2>Bistandsadvokat: \u2013 En enorm belastning for min klient<\/h2>\n<p>NRK har v\u00e6rt i kontakt med kvinnen gjennom hennes bistandsadvokat. Kvinnens forsvarer sier hun ikke \u00f8nsker \u00e5 forh\u00e5ndsprosedere saken, men at alvorlighetsgraden fremg\u00e5r av tiltalen.<\/p>\n<p>\u2013 Det er en sv\u00e6rt alvorlig sak, med blant annet misbruk av stilling og tillit, sier forsvareren.<\/p>\n<p>\u2013 Saken har v\u00e6rt og er enda en enorm belastning for min klient.<\/p>\n<h2>Fikk vite om saken gjennom et vitne<\/h2>\n<p>If\u00f8lge forsvareren har mannen erkjent deler av forholdene siden han ble konfrontert med dette av politiet, og har sagt opp sin stilling.<\/p>\n<p>\u2013 Det er viktig \u00e5 presisere at det dreier seg om \u00e9n pasient. Det er hverken flere forhold eller personer involvert og ingen form for systemsvikt.<\/p>\n<p>\u2013 Han har tatt ansvar s\u00e5 langt han kan, og n\u00e5 f\u00f8lger det eventuelle rettslige oppgj\u00f8ret, sier han.<\/p>\n<p>Statsadvokaten sier til NRK at politiet fikk kjennskap til saken etter at et vitne meldte det til politiet.<\/p>\n<p>Statsadvokaten har i tiltalen lagt ned forbehold om \u00e5 kreve rettighetstap p\u00e5 ubestemt tid.<\/p>\n<p>Det betyr at mannen fratas retten til \u00e5 ut\u00f8ve stillingen som prest.<\/p>\n<p>\u2013 Det inneb\u00e6rer at p\u00e5talemyndigheten gjennom tiltalen har varslet b\u00e5de retten og tiltalte om at dersom man finner grunn til det etter endt bevisf\u00f8rsel, s\u00e5 vil p\u00e5talemyndigheten argumentere for at tiltalte fratas sin stilling.<\/p>\n<\/div>\n<p>\n<span class=\"article-publish-date publish-date \"><br \/>\n<span class=\"article-dateline-annotation\">Publisert<\/span><br \/>\n<time class=\"datetime-absolute datePublished\" datetime=\"2026-09-02T10:59:01+02:00\"><br \/>\n02.09.2026, kl. 10.59<br \/>\n<\/time><br \/>\n<\/span>\n<\/p>\n<p><br \/>\n<br \/><a href=\"https:\/\/www.nrk.no\/arkiv\/artikkel\/sykehusprest-tiltalt-for-seksuelle-overgrep-mot-pasient-1.18006149\">Kildelink <\/a><\/p>","protected":false},"excerpt":{"rendered":"<p>P\u00e5talemyndigheten mener sykehuspresten utnyttet kvinnens s\u00e5rbare situasjon til \u00e5 skaffe seg seksuell omgang. \u2013 Tiltalen omfatter b\u00e5de voldtekt og seksuell omgang oppn\u00e5dd gjennom misbruk av stilling og avhengighetsforhold. Dette er sv\u00e6rt alvorlige kriminelle handlinger som p\u00e5talemyndigheten ser sv\u00e6rt alvorlig p\u00e5. Det sier den ansvarlige statsadvokaten om saken som skal for retten p\u00e5 ny\u00e5ret. \u2013 Tiltalte [&hellip;]<\/p>","protected":false},"author":1,"featured_media":20402,"comment_status":"","ping_status":"","sticky":false,"template":"","format":"standard","meta":{"footnotes":""},"categories":[108],"tags":[],"tmauthors":[],"class_list":["post-20401","post","type-post","status-publish","format-standard","has-post-thumbnail","category-lokalnyheter"],"_links":{"self":[{"href":"https:\/\/radiostavanger.no\/index.php?rest_route=\/wp\/v2\/posts\/20401","targetHints":{"allow":["GET"]}}],"collection":[{"href":"https:\/\/radiostavanger.no\/index.php?rest_route=\/wp\/v2\/posts"}],"about":[{"href":"https:\/\/radiostavanger.no\/index.php?rest_route=\/wp\/v2\/types\/post"}],"author":[{"embeddable":true,"href":"https:\/\/radiostavanger.no\/index.php?rest_route=\/wp\/v2\/users\/1"}],"replies":[{"embeddable":true,"href":"https:\/\/radiostavanger.no\/index.php?rest_route=%2Fwp%2Fv2%2Fcomments&post=20401"}],"version-history":[{"count":0,"href":"https:\/\/radiostavanger.no\/index.php?rest_route=\/wp\/v2\/posts\/20401\/revisions"}],"wp:featuredmedia":[{"embeddable":true,"href":"https:\/\/radiostavanger.no\/index.php?rest_route=\/wp\/v2\/media\/20402"}],"wp:attachment":[{"href":"https:\/\/radiostavanger.no\/index.php?rest_route=%2Fwp%2Fv2%2Fmedia&parent=20401"}],"wp:term":[{"taxonomy":"category","embeddable":true,"href":"https:\/\/radiostavanger.no\/index.php?rest_route=%2Fwp%2Fv2%2Fcategories&post=20401"},{"taxonomy":"post_tag","embeddable":true,"href":"https:\/\/radiostavanger.no\/index.php?rest_route=%2Fwp%2Fv2%2Ftags&post=20401"},{"taxonomy":"tmauthors","embeddable":true,"href":"https:\/\/radiostavanger.no\/index.php?rest_route=%2Fwp%2Fv2%2Ftmauthors&post=20401"}],"curies":[{"name":"wp","href":"https:\/\/api.w.org\/{rel}","templated":true}]}}