{"id":20403,"date":"2026-09-02T09:08:18","date_gmt":"2026-09-02T09:08:18","guid":{"rendered":"https:\/\/radiostavanger.no\/?p=20403"},"modified":"2026-09-02T09:08:18","modified_gmt":"2026-09-02T09:08:18","slug":"david-byrne-skrev-lat-til-musk-dokumentar-radio-stavanger","status":"publish","type":"post","link":"https:\/\/radiostavanger.no\/?p=20403","title":{"rendered":"David Byrne skrev l\u00e5t til Musk-dokumentar \u2013 Radio Stavanger"},"content":{"rendered":"<p><br \/>\n<\/p>\n<div id=\"mvp-content-main\">\n<p class=\"radioh-ingress\"><strong>David Byrne, som mange norske fans fikk oppleve p\u00e5 festival i sommer, er aktuell med en sang i den nye Elon Musk-dokumentaren.<\/strong>\n<\/p>\n<p><strong>Utenriks<\/strong>: \u00abMusk\u00bb i regi av den velkjente dokumentaristen Alex Gibney har verdenspremiere 8. september under filmfestivalen i Venezia, som \u00e5pner onsdag. Der vises den n\u00e6r fire timer lange filmen utenfor konkurranse, melder Variety.\n<\/p>\n<p>Gibney uttaler i omtalen at filmen \u00abtegner et nytt bilde av teknologigiganten som det 21. \u00e5rhundrets gjenf\u00f8delse av den klassiske svindleren\u00bb.\n<\/p>\n<p>David Byrne var headliner p\u00e5 Oslo-festivalen Piknik i Parken i juni.\n<\/p>\n<p>Byrne har b\u00e5de skrevet og fremf\u00f8rer \u00abLet Me Sell You a Dream\u00bb, laget i samarbeid med dokumentarens komponist Daniel Pemberton.<\/p>\n<p>\u2013 Jeg ble sv\u00e6rt begeistret da David sa ja til \u00e5 skrive sangen og fremf\u00f8re den siste l\u00e5ten i filmen. \u00abLet Me Sell You a Dream\u00bb sparker skikkelig fra seg, sier Gibney til bransjebladet, mens David Byrne selv r\u00f8per sin fremgangsm\u00e5te:\n<\/p>\n<p>\u2013 Jeg ba om noen gode sitater fra marsboeren og fant flere p\u00e5 internett. Jeg er sikker p\u00e5 at han elsker \u00e5 komme med disse ville uttalelsene, og de ble til sangteksten. Alt er hans egne ord, rett fra mannens munn til min, sier Talking Heads-frontmannen.\n<\/p>\n<p>\u00abMusk\u00bb vil vises p\u00e5 et knippe kinoer i USA 16. oktober, f\u00f8r den g\u00e5r videre til str\u00f8mming p\u00e5 HBO Max. If\u00f8lge Variety inneb\u00e6rer det at Byrnes l\u00e5t ogs\u00e5 vil bli sendt inn som Oscar-kandidat i kategorien beste originalmusikk.\n<\/p>\n<p>David Byrne har tidligere vunnet Oscar for beste originalmusikk til \u00abThe Last Emperor\u00bb i 1988 sammen med Ryuichi Sakamoto og Cong Su.\n<\/p>\n<p>(\u00a9NTB)<\/p>\n<\/p><\/div>\n<p><script async defer crossorigin=\"anonymous\" data-lazy=\"w3tc\" data-src=\"https:\/\/connect.facebook.net\/nb_NO\/sdk.js#xfbml=1&#038;version=v18.0\"><\/script><br \/>\n<br \/><br \/>\n<br \/><a href=\"https:\/\/radioh.no\/david-byrne-skrev-lat-til-musk-dokumentar\/\">Kilde <\/a><\/p>","protected":false},"excerpt":{"rendered":"<p>David Byrne, som mange norske fans fikk oppleve p\u00e5 festival i sommer, er aktuell med en sang i den nye Elon Musk-dokumentaren. Utenriks: \u00abMusk\u00bb i regi av den velkjente dokumentaristen Alex Gibney har verdenspremiere 8. september under filmfestivalen i Venezia, som \u00e5pner onsdag. Der vises den n\u00e6r fire timer lange filmen utenfor konkurranse, melder Variety. [&hellip;]<\/p>","protected":false},"author":1,"featured_media":20404,"comment_status":"","ping_status":"","sticky":false,"template":"","format":"standard","meta":{"footnotes":""},"categories":[107],"tags":[],"tmauthors":[],"class_list":["post-20403","post","type-post","status-publish","format-standard","has-post-thumbnail","category-nyheter"],"_links":{"self":[{"href":"https:\/\/radiostavanger.no\/index.php?rest_route=\/wp\/v2\/posts\/20403","targetHints":{"allow":["GET"]}}],"collection":[{"href":"https:\/\/radiostavanger.no\/index.php?rest_route=\/wp\/v2\/posts"}],"about":[{"href":"https:\/\/radiostavanger.no\/index.php?rest_route=\/wp\/v2\/types\/post"}],"author":[{"embeddable":true,"href":"https:\/\/radiostavanger.no\/index.php?rest_route=\/wp\/v2\/users\/1"}],"replies":[{"embeddable":true,"href":"https:\/\/radiostavanger.no\/index.php?rest_route=%2Fwp%2Fv2%2Fcomments&post=20403"}],"version-history":[{"count":0,"href":"https:\/\/radiostavanger.no\/index.php?rest_route=\/wp\/v2\/posts\/20403\/revisions"}],"wp:featuredmedia":[{"embeddable":true,"href":"https:\/\/radiostavanger.no\/index.php?rest_route=\/wp\/v2\/media\/20404"}],"wp:attachment":[{"href":"https:\/\/radiostavanger.no\/index.php?rest_route=%2Fwp%2Fv2%2Fmedia&parent=20403"}],"wp:term":[{"taxonomy":"category","embeddable":true,"href":"https:\/\/radiostavanger.no\/index.php?rest_route=%2Fwp%2Fv2%2Fcategories&post=20403"},{"taxonomy":"post_tag","embeddable":true,"href":"https:\/\/radiostavanger.no\/index.php?rest_route=%2Fwp%2Fv2%2Ftags&post=20403"},{"taxonomy":"tmauthors","embeddable":true,"href":"https:\/\/radiostavanger.no\/index.php?rest_route=%2Fwp%2Fv2%2Ftmauthors&post=20403"}],"curies":[{"name":"wp","href":"https:\/\/api.w.org\/{rel}","templated":true}]}}