{"id":20409,"date":"2026-09-02T09:25:54","date_gmt":"2026-09-02T09:25:54","guid":{"rendered":"https:\/\/radiostavanger.no\/?p=20409"},"modified":"2026-09-02T09:25:54","modified_gmt":"2026-09-02T09:25:54","slug":"kongen-erklaerer-hoffsorg-offisielt-program-avlyses-fram-til-9-oktober-radio-stavanger","status":"publish","type":"post","link":"https:\/\/radiostavanger.no\/?p=20409","title":{"rendered":"Kongen erkl\u00e6rer hoffsorg \u2013 offisielt program avlyses fram til 9. oktober \u2013 Radio Stavanger"},"content":{"rendered":"<p><br \/>\n<\/p>\n<div id=\"mvp-content-main\">\n<p class=\"radioh-ingress\"><strong>Kong Haakon VIII har erkl\u00e6rt hoffsorg fram til og med 9. oktober, en m\u00e5ned etter kong Haralds gravferd.<\/strong>\n<\/p>\n<p><strong>Innenriks<\/strong>: Det opplyser Slottet i en pressemelding onsdag.\n<\/p>\n<p>\u2013 Hoffsorgen inneb\u00e6rer at Kongehuset avlyser alt offisielt program, med unntak av konstitusjonelle oppgaver som statsr\u00e5d, Stortingets h\u00f8ytidelige \u00e5pning og utvalgte audienser. Under hoffsorgen vil Kongefamilien og Hoffets ansatte b\u00e6re m\u00f8rke kl\u00e6r eller uniform med s\u00f8rgeb\u00e5nd. Publikumsvirksomheten ved de kongelige eiendommer vil holde stengt i perioden, heter det.\n<\/p>\n<p>Etter 9. oktober vil Kongehuset gradvis gjenoppta offisielt program, if\u00f8lge Slottet.\n<\/p>\n<p>Bes\u00f8k og aktiviteter i Norge og utlandet som har v\u00e6rt under planlegging under Kong Haralds regenttid, er som hovedregel innstilt, og Kongehusets offisielle program legges p\u00e5 nytt.<\/p>\n<p>Ogs\u00e5 i Sverige er det hoffsorg etter kong Haralds d\u00f8d. Den ble utlyst forrige fredag og varer fram til tirsdag neste uke.\n<\/p>\n<p>Kong Harald sovnet stille inn p\u00e5 Rikshospitalet fredag morgen, 89 \u00e5r gammel.\n<\/p>\n<p>(\u00a9NTB)\n<\/p>\n<\/p><\/div>\n<p><script async defer crossorigin=\"anonymous\" data-lazy=\"w3tc\" data-src=\"https:\/\/connect.facebook.net\/nb_NO\/sdk.js#xfbml=1&#038;version=v18.0\"><\/script><br \/>\n<br \/><br \/>\n<br \/><a href=\"https:\/\/radioh.no\/kongen-erklaerer-hoffsorg-offisielt-program-avlyses-fram-til-9-oktober\/\">Kilde <\/a><\/p>","protected":false},"excerpt":{"rendered":"<p>Kong Haakon VIII har erkl\u00e6rt hoffsorg fram til og med 9. oktober, en m\u00e5ned etter kong Haralds gravferd. Innenriks: Det opplyser Slottet i en pressemelding onsdag. \u2013 Hoffsorgen inneb\u00e6rer at Kongehuset avlyser alt offisielt program, med unntak av konstitusjonelle oppgaver som statsr\u00e5d, Stortingets h\u00f8ytidelige \u00e5pning og utvalgte audienser. Under hoffsorgen vil Kongefamilien og Hoffets ansatte [&hellip;]<\/p>","protected":false},"author":1,"featured_media":20410,"comment_status":"","ping_status":"","sticky":false,"template":"","format":"standard","meta":{"footnotes":""},"categories":[107],"tags":[],"tmauthors":[],"class_list":["post-20409","post","type-post","status-publish","format-standard","has-post-thumbnail","category-nyheter"],"_links":{"self":[{"href":"https:\/\/radiostavanger.no\/index.php?rest_route=\/wp\/v2\/posts\/20409","targetHints":{"allow":["GET"]}}],"collection":[{"href":"https:\/\/radiostavanger.no\/index.php?rest_route=\/wp\/v2\/posts"}],"about":[{"href":"https:\/\/radiostavanger.no\/index.php?rest_route=\/wp\/v2\/types\/post"}],"author":[{"embeddable":true,"href":"https:\/\/radiostavanger.no\/index.php?rest_route=\/wp\/v2\/users\/1"}],"replies":[{"embeddable":true,"href":"https:\/\/radiostavanger.no\/index.php?rest_route=%2Fwp%2Fv2%2Fcomments&post=20409"}],"version-history":[{"count":0,"href":"https:\/\/radiostavanger.no\/index.php?rest_route=\/wp\/v2\/posts\/20409\/revisions"}],"wp:featuredmedia":[{"embeddable":true,"href":"https:\/\/radiostavanger.no\/index.php?rest_route=\/wp\/v2\/media\/20410"}],"wp:attachment":[{"href":"https:\/\/radiostavanger.no\/index.php?rest_route=%2Fwp%2Fv2%2Fmedia&parent=20409"}],"wp:term":[{"taxonomy":"category","embeddable":true,"href":"https:\/\/radiostavanger.no\/index.php?rest_route=%2Fwp%2Fv2%2Fcategories&post=20409"},{"taxonomy":"post_tag","embeddable":true,"href":"https:\/\/radiostavanger.no\/index.php?rest_route=%2Fwp%2Fv2%2Ftags&post=20409"},{"taxonomy":"tmauthors","embeddable":true,"href":"https:\/\/radiostavanger.no\/index.php?rest_route=%2Fwp%2Fv2%2Ftmauthors&post=20409"}],"curies":[{"name":"wp","href":"https:\/\/api.w.org\/{rel}","templated":true}]}}