{"id":20413,"date":"2026-09-02T09:33:28","date_gmt":"2026-09-02T09:33:28","guid":{"rendered":"https:\/\/radiostavanger.no\/?p=20413"},"modified":"2026-09-02T09:33:28","modified_gmt":"2026-09-02T09:33:28","slug":"alle-andre-gravferdsseremonier-i-oslo-flyttes-radio-stavanger","status":"publish","type":"post","link":"https:\/\/radiostavanger.no\/?p=20413","title":{"rendered":"Alle andre gravferdsseremonier i Oslo flyttes \u2013 Radio Stavanger"},"content":{"rendered":"<p><br \/>\n<\/p>\n<div id=\"mvp-content-main\">\n<p class=\"radioh-ingress\"><strong>P\u00e5 dagen for kong Haralds gravferd blir alle andre gravferdsseremonier i hovedstaden flyttet til andre dager. Nasjonalt blir det ogs\u00e5 justeringer.<\/strong>\n<\/p>\n<p><strong>Innenriks<\/strong>: \u2013 Oslo kirkelige fellesr\u00e5d har g\u00e5tt ut med beskjed om at det sperres for seremonier i kirkelige lokaler og med kirkelig medvirkning p\u00e5 gravferdsdagen for Kong Harald, onsdag 9. september. Gravplassetaten i Oslo har stilt seg bak dette, skriver J\u00f8lstad begravelsesbyr\u00e5 til NTB.\n<\/p>\n<p>Det er de som har f\u00e5tt oppdraget med kongens gravferd.\n<\/p>\n<p>\u2013 De f\u00e5 seremoniene som allerede var lagt til neste onsdag i Oslo, har blitt flyttet, i godt samarbeid med de respektive etterlatte. Av v\u00e5re byr\u00e5er er det kun byr\u00e5et i Oslo som ble ber\u00f8rt av dette, skriver J\u00f8lstad videre.\n<\/p>\n<p>Kirkelig fellesr\u00e5d i Oslo bekrefter opplysningen overfor NTB.<\/p>\n<h2>Nasjonale justeringer<\/h2>\n<p>\nGravferdsdagen f\u00f8rer ogs\u00e5 til nasjonale justeringer.\n<\/p>\n<p>Tirsdag sendte ledelsen i Den norske kirke ut melding til kirker over hele landet med en anbefaling om at det ikke gjennomf\u00f8res begravelser i tidsrommet 13 til 15.30 p\u00e5 gravferdsdagen.\n<\/p>\n<p>\u2013 Likevel kan det v\u00e6re situasjoner og forhold som gj\u00f8r at begravelser ikke lar seg flytte. Bruk lokalt skj\u00f8nn i m\u00f8te med disse situasjonene, og vurder \u00e5 flytte allerede planlagte begravelser til f\u00f8r\/etter disse klokkeslettene, heter det i meldingen som NTB har f\u00e5tt tilgang til.\n<\/p>\n<h2>Tradisjonsrik gravferd<\/h2>\n<p>\nKong Haralds gravferd blir onsdag 9. september klokka 13. Preses Olav Fykse Tveit skal lede seremonien i Oslo domkirke.\n<\/p>\n<p>Domkirken var ogs\u00e5 stedet b\u00e5de kong Haakon VII ble stedt til hvile i 1957 og kong Olav i 1991.<\/p>\n<p>Kong Harald sovnet fredag morgen stille inn p\u00e5 Rikshospitalet, 89 \u00e5r gammel. B\u00e5ren st\u00e5r n\u00e5 i Slottskapellet hvor alle som \u00f8nsker det, kan ta et siste farvel. P\u00e5 \u00e5pningsdagen bes\u00f8kte 4000 det lille kapellet, som ligger i nordfl\u00f8yen av Slottet.\n<\/p>\n<p>(\u00a9NTB)\n<\/p>\n<\/p><\/div>\n<p><script async defer crossorigin=\"anonymous\" data-lazy=\"w3tc\" data-src=\"https:\/\/connect.facebook.net\/nb_NO\/sdk.js#xfbml=1&#038;version=v18.0\"><\/script><br \/>\n<br \/><br \/>\n<br \/><a href=\"https:\/\/radioh.no\/kongens-gravferd-alle-andre-gravferdsseremonier-i-oslo-flyttes\/\">Kilde <\/a><\/p>","protected":false},"excerpt":{"rendered":"<p>P\u00e5 dagen for kong Haralds gravferd blir alle andre gravferdsseremonier i hovedstaden flyttet til andre dager. Nasjonalt blir det ogs\u00e5 justeringer. Innenriks: \u2013 Oslo kirkelige fellesr\u00e5d har g\u00e5tt ut med beskjed om at det sperres for seremonier i kirkelige lokaler og med kirkelig medvirkning p\u00e5 gravferdsdagen for Kong Harald, onsdag 9. september. Gravplassetaten i Oslo [&hellip;]<\/p>","protected":false},"author":1,"featured_media":0,"comment_status":"","ping_status":"","sticky":false,"template":"","format":"standard","meta":{"footnotes":""},"categories":[107],"tags":[],"tmauthors":[],"class_list":["post-20413","post","type-post","status-publish","format-standard","category-nyheter"],"_links":{"self":[{"href":"https:\/\/radiostavanger.no\/index.php?rest_route=\/wp\/v2\/posts\/20413","targetHints":{"allow":["GET"]}}],"collection":[{"href":"https:\/\/radiostavanger.no\/index.php?rest_route=\/wp\/v2\/posts"}],"about":[{"href":"https:\/\/radiostavanger.no\/index.php?rest_route=\/wp\/v2\/types\/post"}],"author":[{"embeddable":true,"href":"https:\/\/radiostavanger.no\/index.php?rest_route=\/wp\/v2\/users\/1"}],"replies":[{"embeddable":true,"href":"https:\/\/radiostavanger.no\/index.php?rest_route=%2Fwp%2Fv2%2Fcomments&post=20413"}],"version-history":[{"count":0,"href":"https:\/\/radiostavanger.no\/index.php?rest_route=\/wp\/v2\/posts\/20413\/revisions"}],"wp:attachment":[{"href":"https:\/\/radiostavanger.no\/index.php?rest_route=%2Fwp%2Fv2%2Fmedia&parent=20413"}],"wp:term":[{"taxonomy":"category","embeddable":true,"href":"https:\/\/radiostavanger.no\/index.php?rest_route=%2Fwp%2Fv2%2Fcategories&post=20413"},{"taxonomy":"post_tag","embeddable":true,"href":"https:\/\/radiostavanger.no\/index.php?rest_route=%2Fwp%2Fv2%2Ftags&post=20413"},{"taxonomy":"tmauthors","embeddable":true,"href":"https:\/\/radiostavanger.no\/index.php?rest_route=%2Fwp%2Fv2%2Ftmauthors&post=20413"}],"curies":[{"name":"wp","href":"https:\/\/api.w.org\/{rel}","templated":true}]}}