{"id":20416,"date":"2026-09-02T10:02:54","date_gmt":"2026-09-02T10:02:54","guid":{"rendered":"https:\/\/radiostavanger.no\/?p=20416"},"modified":"2026-09-02T10:02:54","modified_gmt":"2026-09-02T10:02:54","slug":"nektes-a-bygge-nytt-nrk-rogaland-lokale-nyheter-tv-og-radio","status":"publish","type":"post","link":"https:\/\/radiostavanger.no\/?p=20416","title":{"rendered":"Nektes \u00e5 bygge nytt \u2013 NRK Rogaland \u2013 Lokale nyheter, TV og radio"},"content":{"rendered":"<p><br \/>\n<\/p>\n<div data-main-content=\"\" data-ec-list=\"article_body\" data-ec-name=\"br\u00f8dtekst\">\n<p>For seks \u00e5r siden bestemte Kjell Helge J\u00e5tun og faren at et gammelt <span class=\"note\" data-content=\"&lt;p&gt;bolighus p\u00e5 g\u00e5rd&lt;\/p&gt; \" data-term=\"v\u00e5ningshus\">v\u00e5ningshus<\/span> p\u00e5 g\u00e5rden deres i Stavanger kunne rives.<\/p>\n<p>Statens vegvesen trengte nemlig \u00e5 l\u00e5ne et omr\u00e5de p\u00e5 g\u00e5rden, i forbindelse med arbeid p\u00e5 landets f\u00f8rste \u00abmotorvei\u00bb for syklister, sykkelstamvegen mellom Sandnes og Stavanger.<\/p>\n<div id=\"1.16311093.5aca3ff8\" class=\"g100 col fc s10 sl12 sl18 sg6 sg9 image-reference image-reference--F169\"><!-- include: \/serum\/render?id=1.16311093&size=10&perspective=RICH&alignment=CENTER&caption=Slik+s%C3%A5+det+ut+i+2023+da+sykkelstamveien+og+nye+Stavanger+universitetssjukehus+var+under+arbeid.+&type=image&aspect=F169&parentSize=10 --><!-- START: \/templates\/image\/image-rich.jsp --><\/p>\n<figure class=\"image widget rich\">\n<div class=\"responsive-img F169\"><img decoding=\"async\" sizes=\"(min-width:1180px) 639px, (min-width:720px) 56vw, 100vw\" srcset=\"https:\/\/gfx.nrk.no\/eGfdRJaoEnjPZMJyCoh4NgwpQccaIPbbejp36gWueTVA.jpg 80w, https:\/\/gfx.nrk.no\/eGfdRJaoEnjPZMJyCoh4NgyrvDknsf3Omjp36gWueTVA.jpg 160w, https:\/\/gfx.nrk.no\/eGfdRJaoEnjPZMJyCoh4Ng9Aop08S76SWjp36gWueTVA.jpg 350w, https:\/\/gfx.nrk.no\/eGfdRJaoEnjPZMJyCoh4NgYLg5pVcHhWCjp36gWueTVA.jpg 450w, https:\/\/gfx.nrk.no\/eGfdRJaoEnjPZMJyCoh4Ngxmal2JBGuY-jp36gWueTVA.jpg 650w, https:\/\/gfx.nrk.no\/eGfdRJaoEnjPZMJyCoh4NgGmz0KIk1zdajp36gWueTVA.jpg 1000w, https:\/\/gfx.nrk.no\/eGfdRJaoEnjPZMJyCoh4NgdtgfJPPI6Aijp36gWueTVA.jpg 1200w, https:\/\/gfx.nrk.no\/eGfdRJaoEnjPZMJyCoh4NggdFF390afdCjp36gWueTVA.jpg 1600w, https:\/\/gfx.nrk.no\/eGfdRJaoEnjPZMJyCoh4NgesFO9GyVolejp36gWueTVA.jpg 2000w\" src=\"data:image\/gif;base64,R0lGODlhAQABAIAAAAAAAP\/\/\/yH5BAEAAAAALAAAAAABAAEAAAIBRAA7\" loading=\"eager\" alt=\"Nye SUS og sykkelstamvei dronofoto\" title=\"Foto: Arild Eskeland \/ NRK\"\/><\/div><figcaption>\n<p class=\"\">Slik s\u00e5 det ut i 2023 da sykkelstamveien og nye Stavanger universitetssjukehus var under arbeid. <\/p>\n<p><small>Foto: Arild Eskeland \/ NRK<\/small><br \/>\n<\/figcaption><\/figure>\n<p><!-- END: \/templates\/image\/image-rich.jsp -->\n<\/div>\n<p>Som en del av kompensasjonen for dette, skulle Vegvesenets entrepren\u00f8r rive det gamle huset.<\/p>\n<p>Stavanger kommune vedtok at huset kunne rives, og at familien skulle f\u00e5 bygge et nytt hus, i omr\u00e5det som i utgangspunktet er beskyttet mot boligbygging.<\/p>\n<p><strong>Det var bare ett problem: Klagefristen hadde enn\u00e5 ikke g\u00e5tt ut da huset ble jevnet med jorden. Etterp\u00e5 klaget Statsforvalteren i Rogaland p\u00e5 saken, og fikk medhold hos Statsforvalteren i Vestland, som avgjorde sp\u00f8rsm\u00e5let.<\/strong><\/p>\n<p>Statsforvalteren mente det ikke var ressurser nok p\u00e5 g\u00e5rden til \u00e5 rettferdiggj\u00f8re behovet for to boliger, og at familien derfor ikke kunne f\u00e5 dispensasjon til \u00e5 bygge p\u00e5 grunn av jordvernet.<\/p>\n<p><strong>\u2013 Det er en sinnssyk sak, sier Kjell Helge J\u00e5tun til NRK. <\/strong><\/p>\n<div id=\"1.17919055.12626e9a\" class=\"g100 col fc s10 sl12 sl18 sg6 sg9 image-reference image-reference--F169\"><!-- include: \/serum\/render?id=1.17919055&size=10&perspective=RICH&alignment=CENTER&caption=Kjell+Helge+J%C3%A5tun+og+familien+har+kjempet+i+seks+%C3%A5r+for+%C3%A5+f%C3%A5+bygge+nytt+hus.+Det+har+de+ikke+f%C3%A5tt.&type=image&aspect=F169&parentSize=10 --><!-- START: \/templates\/image\/image-rich.jsp --><\/p>\n<figure class=\"image widget rich\">\n<div class=\"responsive-img F169\"><img decoding=\"async\" sizes=\"(min-width:1180px) 639px, (min-width:720px) 56vw, 100vw\" srcset=\"https:\/\/gfx.nrk.no\/swCj029V7TGmMIOkxYLGRgbR8KvWExWOVESQr6DTKHJQ.jpg 80w, https:\/\/gfx.nrk.no\/swCj029V7TGmMIOkxYLGRgbUNzeptvcnJESQr6DTKHJQ.jpg 160w, https:\/\/gfx.nrk.no\/swCj029V7TGmMIOkxYLGRgdutCj1OJqHRESQr6DTKHJQ.jpg 350w, https:\/\/gfx.nrk.no\/swCj029V7TGmMIOkxYLGRgr4MmFNxSpKFESQr6DTKHJQ.jpg 450w, https:\/\/gfx.nrk.no\/swCj029V7TGmMIOkxYLGRg3NFKJNBMEQ5ESQr6DTKHJQ.jpg 650w, https:\/\/gfx.nrk.no\/swCj029V7TGmMIOkxYLGRgMCMhCcdfJtRESQr6DTKHJQ.jpg 1000w, https:\/\/gfx.nrk.no\/swCj029V7TGmMIOkxYLGRg2d7uE7G4duJESQr6DTKHJQ.jpg 1200w, https:\/\/gfx.nrk.no\/swCj029V7TGmMIOkxYLGRgsiRcCrdEcgxESQr6DTKHJQ.jpg 1600w, https:\/\/gfx.nrk.no\/swCj029V7TGmMIOkxYLGRgp9mi0lBXEg5ESQr6DTKHJQ.jpg 2000w\" src=\"data:image\/gif;base64,R0lGODlhAQABAIAAAAAAAP\/\/\/yH5BAEAAAAALAAAAAABAAEAAAIBRAA7\" loading=\"eager\" alt=\"En mann i jakke ser mot kamera. Bak ham er et gr\u00f8nt bygg. Det er tr\u00e6r og gr\u00f8nt gress. (Bildebeskrivelsen er laget av en KI-tjeneste)\" title=\"Foto: Even Hye T. Barka \/ NRK\"\/><\/div><figcaption>\n<p class=\"\">Kjell Helge J\u00e5tun og familien har kjempet i seks \u00e5r for \u00e5 f\u00e5 bygge nytt hus. Det har de ikke f\u00e5tt.<\/p>\n<p><small>Foto: Even Hye T. Barka \/ NRK<\/small><br \/>\n<\/figcaption><\/figure>\n<p><!-- END: \/templates\/image\/image-rich.jsp -->\n<\/div>\n<p>Han oppsummerer striden p\u00e5 g\u00e5rden sin slik:<\/p>\n<p><strong>\u2013 Vi vil ikke bygge noe nytt, men bygge opp det som allerede har st\u00e5tt i g\u00e5rdstunet. Hadde vi latt det gamle huset st\u00e5, kunne ingen nektet oss \u00e5 renovere det.<\/strong><\/p>\n<p>Statsforvalteren i Vestland er uenig, og p\u00e5peker at huset hadde st\u00e5tt ubrukt siden 2008, og at det var preget av manglende vedlikehold. Det ville krevd omfattende ressursbruk \u00e5 videref\u00f8re det, skriver de i avgj\u00f8relsen.<\/p>\n<div id=\"1.17919956.a51204d8\" class=\"g100 col fc s10 sl12 sl18 sg6 sg9 image-reference image-reference--F169\"><!-- include: \/serum\/render?id=1.17919956&size=10&perspective=RICH&alignment=CENTER&caption=Det+hvite+huset+er+det+som+ble+revet.+P%C3%A5+den+%C3%A5pne+plassen+foran+den+gule+driftsbygningen+er+der+Helene+J%C3%A5tun+Vigane+i+dag+vil+bygge+hus.+&type=image&aspect=F169&parentSize=10 --><!-- START: \/templates\/image\/image-rich.jsp --><\/p>\n<figure class=\"image widget rich\">\n<div class=\"responsive-img F169\"><img decoding=\"async\" sizes=\"(min-width:1180px) 639px, (min-width:720px) 56vw, 100vw\" srcset=\"https:\/\/gfx.nrk.no\/8jdy0Aae1zmxB5E_Ua8JOABIT_3cH6V8914f_KKZzj8g.jpg 80w, https:\/\/gfx.nrk.no\/8jdy0Aae1zmxB5E_Ua8JOAQ1DOJxMV0BF14f_KKZzj8g.jpg 160w, https:\/\/gfx.nrk.no\/8jdy0Aae1zmxB5E_Ua8JOA1TFHrRNDlJJ14f_KKZzj8g.jpg 350w, https:\/\/gfx.nrk.no\/8jdy0Aae1zmxB5E_Ua8JOAQ_vM6Iaofrt14f_KKZzj8g.jpg 450w, https:\/\/gfx.nrk.no\/8jdy0Aae1zmxB5E_Ua8JOAEbk1pFXh1fZ14f_KKZzj8g.jpg 650w, https:\/\/gfx.nrk.no\/8jdy0Aae1zmxB5E_Ua8JOAy_7YWsMWFRN14f_KKZzj8g.jpg 1000w, https:\/\/gfx.nrk.no\/8jdy0Aae1zmxB5E_Ua8JOAuZ_Pq9-R9k114f_KKZzj8g.jpg 1200w, https:\/\/gfx.nrk.no\/8jdy0Aae1zmxB5E_Ua8JOAADmAf4eNzh514f_KKZzj8g.jpg 1600w, https:\/\/gfx.nrk.no\/8jdy0Aae1zmxB5E_Ua8JOAPvRAo3fT86B14f_KKZzj8g.jpg 2000w\" src=\"data:image\/gif;base64,R0lGODlhAQABAIAAAAAAAP\/\/\/yH5BAEAAAAALAAAAAABAAEAAAIBRAA7\" loading=\"eager\" alt=\"Gammelt foto av g\u00e5rdstun p\u00e5 J\u00e5tt\u00e5 i Stavanger. En gul driftsbygning og et hvitt hus\" title=\"Foto: Privat\"\/><\/div><figcaption>\n<p class=\"\">Det hvite huset er det som ble revet. P\u00e5 den \u00e5pne plassen foran den gule driftsbygningen er der Helene J\u00e5tun Vigane i dag vil bygge hus. <\/p>\n<p><small>Foto: Privat<\/small><br \/>\n<\/figcaption><\/figure>\n<p><!-- END: \/templates\/image\/image-rich.jsp -->\n<\/div>\n<p><em>B\u00e5de Statsforvalteren i Rogaland og Statsforvalteren i Vestland har f\u00e5tt forelagt kritikken som kommer frem i denne saken. F\u00f8rstnevnte har svart p\u00e5 NRKs sp\u00f8rsm\u00e5l, mens Statsforvalteren i Vestland ikke har noe \u00e5 tillegge utover dette.<\/em><\/p>\n<p>\u2013 N\u00e5r hus blir revet, m\u00e5 en s\u00f8knad om et nytt hus alltid vurderes ut fra dagens behov p\u00e5 g\u00e5rden. V\u00e5r klare vurdering er at driften p\u00e5 g\u00e5rden ikke gir behov for to boliger, skriver Anfinn Rosnes, assisterende landbruksdirekt\u00f8r i Rogaland til NRK.<\/p>\n<p>Les mer om Statsforvalterens syn lenger nede i saken.<\/p>\n<div id=\"1.16419467.fab197fb\" class=\"g100 col fc s10 sl12 sl18 sg6 sg9 image-reference image-reference--F169\"><!-- include: \/serum\/render?id=1.16419467&size=10&perspective=RICH&alignment=CENTER&caption=Anfinn+Rosnes+er+assisterende+landbruksdirekt%C3%B8r+hos+Statsforvalteren+i+Rogaland.&type=image&aspect=F169&parentSize=10 --><!-- START: \/templates\/image\/image-rich.jsp --><\/p>\n<figure class=\"image widget rich\">\n<div class=\"responsive-img F169\"><img decoding=\"async\" sizes=\"(min-width:1180px) 639px, (min-width:720px) 56vw, 100vw\" srcset=\"https:\/\/gfx.nrk.no\/d8O753NpiuvBxqBfJZ_glAfq_MSYT1ka_f4QvyBAUSbw.jpg 80w, https:\/\/gfx.nrk.no\/d8O753NpiuvBxqBfJZ_glA4dJlkmCI3Yvf4QvyBAUSbw.jpg 160w, https:\/\/gfx.nrk.no\/d8O753NpiuvBxqBfJZ_glA1eNCq3VZWJXf4QvyBAUSbw.jpg 350w, https:\/\/gfx.nrk.no\/d8O753NpiuvBxqBfJZ_glA0a6OeJBnu8Df4QvyBAUSbw.jpg 450w, https:\/\/gfx.nrk.no\/d8O753NpiuvBxqBfJZ_glAHRFC5fKR7t_f4QvyBAUSbw.jpg 650w, https:\/\/gfx.nrk.no\/d8O753NpiuvBxqBfJZ_glAmKsUGYWcLdff4QvyBAUSbw.jpg 1000w, https:\/\/gfx.nrk.no\/d8O753NpiuvBxqBfJZ_glAqMvBiVtqgkLf4QvyBAUSbw.jpg 1200w, https:\/\/gfx.nrk.no\/d8O753NpiuvBxqBfJZ_glA6ppLo53weqLf4QvyBAUSbw.jpg 1600w, https:\/\/gfx.nrk.no\/d8O753NpiuvBxqBfJZ_glAknQqlB-4KQHf4QvyBAUSbw.jpg 2000w\" src=\"data:image\/gif;base64,R0lGODlhAQABAIAAAAAAAP\/\/\/yH5BAEAAAAALAAAAAABAAEAAAIBRAA7\" loading=\"eager\" alt=\"Anfinn Rosnes, assisterande landbruksdirekt\u00f8r hos Statsforvaltaren i Rogaland \" title=\"Foto: Ole Andreas B\u00f8 \/ NRK\"\/><\/div><figcaption>\n<p class=\"\">Anfinn Rosnes er assisterende landbruksdirekt\u00f8r hos Statsforvalteren i Rogaland.<\/p>\n<p><small>Foto: Ole Andreas B\u00f8 \/ NRK<\/small><br \/>\n<\/figcaption><\/figure>\n<p><!-- END: \/templates\/image\/image-rich.jsp -->\n<\/div>\n<h2>Vurderer \u00e5 selge g\u00e5rden<\/h2>\n<p>I dag tar familien J\u00e5tun selvkritikk for at de ikke ventet til klagefristen hadde g\u00e5tt ut f\u00f8r de ga klarsignal til at huset kunne rives.<\/p>\n<p>\u2013 Jeg var ikke klar over klagefristen, og ble sjokkert da jeg plutselig ikke fikk byggetillatelse, sier Kjell Helge J\u00e5tun.<\/p>\n<div id=\"1.17919090.19520018\" class=\"g100 col fc s10 sl12 sl18 sg6 sg9 image-reference image-reference--F169\"><!-- include: \/serum\/render?id=1.17919090&size=10&perspective=RICH&alignment=CENTER&caption=Helene+J%C3%A5tun+Vigane+og+Kjell+Helge+J%C3%A5tun+%C3%B8nsker+%C3%A5+bygge+en+erstatningsbolig%2C+men+f%C3%A5r+ikke+lov.+&type=image&aspect=F169&parentSize=10 --><!-- START: \/templates\/image\/image-rich.jsp --><\/p>\n<figure class=\"image widget rich\">\n<div class=\"responsive-img F169\"><img decoding=\"async\" sizes=\"(min-width:1180px) 639px, (min-width:720px) 56vw, 100vw\" srcset=\"https:\/\/gfx.nrk.no\/7hDtiJVT_VtF9Vvw4cEuYgu601E9hWPwNwps1754q70A.jpg 80w, https:\/\/gfx.nrk.no\/7hDtiJVT_VtF9Vvw4cEuYgoUH9g5M367xwps1754q70A.jpg 160w, https:\/\/gfx.nrk.no\/7hDtiJVT_VtF9Vvw4cEuYgX1HLRha7HENwps1754q70A.jpg 350w, https:\/\/gfx.nrk.no\/7hDtiJVT_VtF9Vvw4cEuYgxeMS5psCskFwps1754q70A.jpg 450w, https:\/\/gfx.nrk.no\/7hDtiJVT_VtF9Vvw4cEuYg-_mvPDCCPSJwps1754q70A.jpg 650w, https:\/\/gfx.nrk.no\/7hDtiJVT_VtF9Vvw4cEuYg7aoa9pUArBZwps1754q70A.jpg 1000w, https:\/\/gfx.nrk.no\/7hDtiJVT_VtF9Vvw4cEuYgEEjrR9KSxr5wps1754q70A.jpg 1200w, https:\/\/gfx.nrk.no\/7hDtiJVT_VtF9Vvw4cEuYgGmUQSJlP6-Rwps1754q70A.jpg 1600w, https:\/\/gfx.nrk.no\/7hDtiJVT_VtF9Vvw4cEuYgO4dnx68snhtwps1754q70A.jpg 2000w\" src=\"data:image\/gif;base64,R0lGODlhAQABAIAAAAAAAP\/\/\/yH5BAEAAAAALAAAAAABAAEAAAIBRAA7\" loading=\"eager\" alt=\"To personer st\u00e5r og snakker sammen inne i en fj\u00f8sbygning. Kvinnen til venstre har lilla h\u00e5r og en r\u00f8d jakke. Mannen til h\u00f8yre har p\u00e5 seg en m\u00f8rk jakke. I bakgrunnen sees en vogn og deler av bygningens konstruksjon. (Bildebeskrivelsen er laget av en KI-tjeneste)\" title=\"Foto: Amalie Vadla \/ NRK\"\/><\/div><figcaption>\n<p class=\"\">Helene J\u00e5tun Vigane og Kjell Helge J\u00e5tun \u00f8nsker \u00e5 bygge en erstatningsbolig, men f\u00e5r ikke lov. <\/p>\n<p><small>Foto: Amalie Vadla \/ NRK<\/small><br \/>\n<\/figcaption><\/figure>\n<p><!-- END: \/templates\/image\/image-rich.jsp -->\n<\/div>\n<p>Samtidig understreker han at det gamle huset rent juridisk heller ikke burde ha blitt revet f\u00f8r klagefristen gikk ut, i og med at kommunens vedtak da ikke var gyldig.<\/p>\n<p>Grunnen til at J\u00e5tun \u00f8nsker \u00e5 bygge et nytt hus p\u00e5 g\u00e5rden er at datteren, Helene J\u00e5tun Vigane, vil bo der for \u00e5 starte opp igjen g\u00e5rdsdriften. I dag er jorden <span class=\"note\" data-content=\"&lt;p&gt;leid ut&lt;\/p&gt; \" data-term=\"forpaktet bort.\">forpaktet bort.<\/span><\/p>\n<p>Fem \u00e5r etter at faren fikk avslag i 2020, s\u00f8kte J\u00e5tun Vigane om \u00e5 bygge nytt hus p\u00e5 eiendommen, like over tunet fra der det gamle huset sto.<\/p>\n<p>Igjen satte b\u00e5de Statsforvalteren i Rogaland og Vestland ned foten, med samme argumentasjon som tidligere.<\/p>\n<p>\u2013 Det er trist. Landbruk er noe vi m\u00e5 satse p\u00e5 og flere landbruk blir lagt ned hvert \u00e5r. Jeg vil drive familieg\u00e5rden videre og bygge den opp igjen, sier Helene J\u00e5tun Vigane.<\/p>\n<div id=\"1.17919052.122a1096\" class=\"g100 col fc s10 sl12 sl18 sg6 sg9 image-reference image-reference--F169\"><!-- include: \/serum\/render?id=1.17919052&size=10&perspective=RICH&alignment=CENTER&caption=Helene+J%C3%A5tun+Vigane+vil+gjerne+drive+familieg%C3%A5rden+videre.+Det+ser+det+ikke+ut+til+at+hun+f%C3%A5r+lov+til.+&type=image&aspect=F169&parentSize=10 --><!-- START: \/templates\/image\/image-rich.jsp --><\/p>\n<figure class=\"image widget rich\">\n<div class=\"responsive-img F169\"><img decoding=\"async\" sizes=\"(min-width:1180px) 639px, (min-width:720px) 56vw, 100vw\" srcset=\"https:\/\/gfx.nrk.no\/ZrfAWN8x2GeCxdFPnpPGUA7dIkgNvdc2hBwFbsJhkQJw.jpg 80w, https:\/\/gfx.nrk.no\/ZrfAWN8x2GeCxdFPnpPGUArRdLSgIjkqlBwFbsJhkQJw.jpg 160w, https:\/\/gfx.nrk.no\/ZrfAWN8x2GeCxdFPnpPGUAJufsX7q-Xw1BwFbsJhkQJw.jpg 350w, https:\/\/gfx.nrk.no\/ZrfAWN8x2GeCxdFPnpPGUAUWKkzk2Be1tBwFbsJhkQJw.jpg 450w, https:\/\/gfx.nrk.no\/ZrfAWN8x2GeCxdFPnpPGUAHYkxTIIfSWlBwFbsJhkQJw.jpg 650w, https:\/\/gfx.nrk.no\/ZrfAWN8x2GeCxdFPnpPGUAu5xklRaH5ZRBwFbsJhkQJw.jpg 1000w, https:\/\/gfx.nrk.no\/ZrfAWN8x2GeCxdFPnpPGUA58AKh1SDcYZBwFbsJhkQJw.jpg 1200w, https:\/\/gfx.nrk.no\/ZrfAWN8x2GeCxdFPnpPGUA0LVH_l60bzhBwFbsJhkQJw.jpg 1600w, https:\/\/gfx.nrk.no\/ZrfAWN8x2GeCxdFPnpPGUAWtPKUBvpRrhBwFbsJhkQJw.jpg 2000w\" src=\"data:image\/gif;base64,R0lGODlhAQABAIAAAAAAAP\/\/\/yH5BAEAAAAALAAAAAABAAEAAAIBRAA7\" loading=\"eager\" alt=\"Et bilde av en kvinne med lilla h\u00e5r, foran en mursteinsbygning. Hun har p\u00e5 seg en r\u00f8d jakke. (Bildebeskrivelsen er laget av en KI-tjeneste)\" title=\"Foto: Even Hye Tytlandsvik Barka \/ NRK\"\/><\/div><figcaption>\n<p class=\"\">Helene J\u00e5tun Vigane vil gjerne drive familieg\u00e5rden videre. Det ser det ikke ut til at hun f\u00e5r lov til. <\/p>\n<p><small>Foto: Even Hye Tytlandsvik Barka \/ NRK<\/small><br \/>\n<\/figcaption><\/figure>\n<p><!-- END: \/templates\/image\/image-rich.jsp -->\n<\/div>\n<p>Hvis saken ikke l\u00f8ser seg, vurderer Kjell Helge J\u00e5tun \u00e5 flytte ut av det n\u00e5v\u00e6rende huset p\u00e5 g\u00e5rden, s\u00e5 datteren kan overta.<\/p>\n<p>\u2013 Ellers s\u00e5 f\u00e5r jeg selge hele skiten. Det er tungt \u00e5 bli eldre og sitte med en s\u00e5 stor eiendom, sier faren.<\/p>\n<p>G\u00e5rden er p\u00e5 64 <span class=\"note\" data-content=\"&lt;p&gt;En dekar tilsvarer tusen kvadratmeter. M\u00e5leenheten brukes s\u00e6rlig for\u00a0jordbruksareal.&lt;\/p&gt; \" data-term=\"dekar\">dekar<\/span>, og g\u00e5r dermed inn under det som normalt sett klassifiseres som et sm\u00e5bruk, if\u00f8lge Store Norske Leksikon.<\/p>\n<h2>\n<\/h2>\n<div id=\"1.17919069.1585aa53\" class=\"g100 col fc s10 sl12 sl18 sg6 sg9 image-reference image-reference--F169\"><!-- include: \/serum\/render?id=1.17919069&size=10&perspective=RICH&alignment=CENTER&caption=I+dag+er+g%C3%A5rdsomr%C3%A5det+leid+ut%2C+men+Helene+vil+drive+den+selv+og+samtidig+bo+p%C3%A5+omr%C3%A5det.&type=image&aspect=F169&parentSize=10 --><!-- START: \/templates\/image\/image-rich.jsp --><\/p>\n<figure class=\"image widget rich\">\n<div class=\"responsive-img F169\"><img decoding=\"async\" sizes=\"(min-width:1180px) 639px, (min-width:720px) 56vw, 100vw\" srcset=\"https:\/\/gfx.nrk.no\/sJUCLo8DYOAOQvTMAcVnqgGVpQG3gs-jaOEfLT997jyQ.jpg 80w, https:\/\/gfx.nrk.no\/sJUCLo8DYOAOQvTMAcVnqgvscNMpfd4a-OEfLT997jyQ.jpg 160w, https:\/\/gfx.nrk.no\/sJUCLo8DYOAOQvTMAcVnqg-UV-T3HJYGKOEfLT997jyQ.jpg 350w, https:\/\/gfx.nrk.no\/sJUCLo8DYOAOQvTMAcVnqgrEnGq6ohFCaOEfLT997jyQ.jpg 450w, https:\/\/gfx.nrk.no\/sJUCLo8DYOAOQvTMAcVnqgdjNCXVy1x5KOEfLT997jyQ.jpg 650w, https:\/\/gfx.nrk.no\/sJUCLo8DYOAOQvTMAcVnqgyRZ3RMNQrS2OEfLT997jyQ.jpg 1000w, https:\/\/gfx.nrk.no\/sJUCLo8DYOAOQvTMAcVnqgTjcudROa8cuOEfLT997jyQ.jpg 1200w, https:\/\/gfx.nrk.no\/sJUCLo8DYOAOQvTMAcVnqgevT9EOX6TOaOEfLT997jyQ.jpg 1600w, https:\/\/gfx.nrk.no\/sJUCLo8DYOAOQvTMAcVnqgl7hnRParLUOOEfLT997jyQ.jpg 2000w\" src=\"data:image\/gif;base64,R0lGODlhAQABAIAAAAAAAP\/\/\/yH5BAEAAAAALAAAAAABAAEAAAIBRAA7\" loading=\"eager\" alt=\"Tre personer st\u00e5r ved et gjerde foran en g\u00e5rd. En svart bil er parkert ved siden av en gr\u00f8nn bygning. Omr\u00e5det rundt er preget av frodig gress og et tre. V\u00e6ret er overskyet. (Bildebeskrivelsen er laget av en KI-tjeneste)\" title=\"Foto: Amalie Vadla \/ NRK\"\/><\/div><figcaption>\n<p class=\"\">I dag er g\u00e5rdsomr\u00e5det leid ut, men Helene vil drive den selv og samtidig bo p\u00e5 omr\u00e5det.<\/p>\n<p><small>Foto: Amalie Vadla \/ NRK<\/small><br \/>\n<\/figcaption><\/figure>\n<p><!-- END: \/templates\/image\/image-rich.jsp -->\n<\/div>\n<h2>Statsforvalteren svarer: \u2013 Ikke behov for to boliger<\/h2>\n<p>Anfinn Rosnes er assisterende landbruksdirekt\u00f8r i Rogaland. Han sier presset p\u00e5 landbruksarealene er stort og at de derfor m\u00e5 v\u00e6re konsekvente i saker, selv der de forst\u00e5r \u00f8nsket om \u00e5 bygge.<\/p>\n<p>\u2013 Denne saken handler ikke bare om arealet som ett ekstra hus legger beslag p\u00e5, men hvilken utvikling vi skal ha i landbruket. Vi skj\u00f8nner at dette oppleves som b\u00e5de vanskelig og frustrerende for familien, skriver han i en e-post til NRK.<\/p>\n<p>Og fortsetter:<\/p>\n<p>\u2013 Vi synes det er positivt at neste generasjon \u00f8nsker \u00e5 drive g\u00e5rden videre. Det er et hensyn vi har vurdert, men \u00f8nsket om framtidig drift betyr ikke i seg selv at det er behov for to boliger p\u00e5 g\u00e5rden.<\/p>\n<div id=\"1.17919960.a66438f0\" class=\"g100 col fc s10 sl12 sl18 sg6 sg9 image-reference image-reference--F169\"><!-- include: \/serum\/render?id=1.17919960&size=10&perspective=RICH&alignment=CENTER&caption=Helene+J%C3%A5tun+Vigane+ser+ut+over+omr%C3%A5det+der+hun+%C3%B8nsker+%C3%A5+bygge+hus.+S%C3%A5+langt+ser+det+ut+til+%C3%A5+bli+med+dr%C3%B8mmen.&type=image&aspect=F169&parentSize=10 --><!-- START: \/templates\/image\/image-rich.jsp --><\/p>\n<figure class=\"image widget rich\">\n<div class=\"responsive-img F169\"><img decoding=\"async\" sizes=\"(min-width:1180px) 639px, (min-width:720px) 56vw, 100vw\" srcset=\"https:\/\/gfx.nrk.no\/-fOkF2PbkYPIpSHHFNEyqAlrbnTSRRrzRP16YxEisb9g.jpg 80w, https:\/\/gfx.nrk.no\/-fOkF2PbkYPIpSHHFNEyqAIlnBDRt-nxNP16YxEisb9g.jpg 160w, https:\/\/gfx.nrk.no\/-fOkF2PbkYPIpSHHFNEyqAh7H--Uo5cJxP16YxEisb9g.jpg 350w, https:\/\/gfx.nrk.no\/-fOkF2PbkYPIpSHHFNEyqAeYrk2VDeOAZP16YxEisb9g.jpg 450w, https:\/\/gfx.nrk.no\/-fOkF2PbkYPIpSHHFNEyqAEvVC6j-JF6tP16YxEisb9g.jpg 650w, https:\/\/gfx.nrk.no\/-fOkF2PbkYPIpSHHFNEyqAi34akKQUQA1P16YxEisb9g.jpg 1000w, https:\/\/gfx.nrk.no\/-fOkF2PbkYPIpSHHFNEyqAc17msuUdGDNP16YxEisb9g.jpg 1200w, https:\/\/gfx.nrk.no\/-fOkF2PbkYPIpSHHFNEyqAaJ9YEs6hp_5P16YxEisb9g.jpg 1600w, https:\/\/gfx.nrk.no\/-fOkF2PbkYPIpSHHFNEyqApucQ1raIiJZP16YxEisb9g.jpg 2000w\" src=\"data:image\/gif;base64,R0lGODlhAQABAIAAAAAAAP\/\/\/yH5BAEAAAAALAAAAAABAAEAAAIBRAA7\" loading=\"eager\" alt=\"En person med lilla og bl\u00e5tt h\u00e5r ser ut over et gr\u00f8nt jorde. Personen har p\u00e5 seg en oransje jakke. I bakgrunnen er det tr\u00e6r og en himmel med skyer. (Bildebeskrivelsen er laget av en KI-tjeneste)\" title=\"Foto: Even Hye Tytlandsvik Barka \/ NRK\"\/><\/div><figcaption>\n<p class=\"\">Helene J\u00e5tun Vigane ser ut over omr\u00e5det der hun \u00f8nsker \u00e5 bygge hus. S\u00e5 langt ser det ut til \u00e5 bli med dr\u00f8mmen.<\/p>\n<p><small>Foto: Even Hye Tytlandsvik Barka \/ NRK<\/small><br \/>\n<\/figcaption><\/figure>\n<p><!-- END: \/templates\/image\/image-rich.jsp -->\n<\/div>\n<p><em>\u2013 Hvorfor kan ikke familien J\u00e5tun f\u00e5 bygge et nytt hus p\u00e5 eiendommen sin n\u00e5r det har st\u00e5tt to boliger p\u00e5 omr\u00e5det over lengre tid?<\/em><\/p>\n<p>\u2013 Landbruksomr\u00e5der, som dette jo er, skal f\u00f8rst og fremst brukes til landbruk. Hvis vi over tid \u00e5pner for flere boliger som ikke er n\u00f8dvendige for driften, bygger vi gradvis ned landbruksomr\u00e5dene v\u00e5re, sier Rosnes.<\/p>\n<p>Han p\u00e5peker at det gamle huset ikke hadde v\u00e6rt brukt som bolig p\u00e5 en stund da det ble revet i 2020.<\/p>\n<p>\u2013 N\u00e5r hus blir revet, m\u00e5 en s\u00f8knad om et nytt hus alltid vurderes ut fra dagens behov p\u00e5 g\u00e5rden. V\u00e5r klare vurdering er at driften p\u00e5 g\u00e5rden ikke gir behov for to boliger.<\/p>\n<h2>Har v\u00e6rt oppe p\u00e5 Stortinget: \u2013 Totalt urimelig<\/h2>\n<p>Sven Norland er byggesakssjef i Stavanger kommune, som hele tiden har st\u00f8ttet rivingen av det gamle huset og byggingen av en erstatningsbolig.<\/p>\n<p>\u2013 Etter kommunens syn er saken spesiell, og saken skiller seg fra andre tilsvarende saker. Vi vektlegger andre hensyn, og mener at de rettslige vilk\u00e5rene er oppfylt, sier Norland i en kommentar til NRK.<\/p>\n<p>Kristoffer Sivertsen er stortingsrepresentant for Fremskrittspartiet. Han mener vedtaket er \u00abtotalt urimelig\u00bb og har s\u00e5gar utfordret kommunalminister Bj\u00f8rnar Skj\u00e6ran (Ap) om saken med et skriftlig sp\u00f8rsm\u00e5l i Stortinget.<\/p>\n<div id=\"1.17963300.97fe5904\" class=\"g100 col fc s10 sl12 sl18 sg6 sg9 image-reference image-reference--F169\"><!-- include: \/serum\/render?id=1.17963300&size=10&perspective=RICH&alignment=CENTER&caption=Kristoffer+Sivertsen+%28Frp%29+rister+p%C3%A5+hodet+av+byggesaken+i+Stavanger.&type=image&aspect=F169&parentSize=10 --><!-- START: \/templates\/image\/image-rich.jsp --><\/p>\n<figure class=\"image widget rich\">\n<div class=\"responsive-img F169\"><img decoding=\"async\" sizes=\"(min-width:1180px) 639px, (min-width:720px) 56vw, 100vw\" srcset=\"https:\/\/gfx.nrk.no\/WwZimW8YmYfkhLOGJWX3sQcisG0sJXgwEIlO7BKT_sOg.jpg 80w, https:\/\/gfx.nrk.no\/WwZimW8YmYfkhLOGJWX3sQPpgkTyGPwKoIlO7BKT_sOg.jpg 160w, https:\/\/gfx.nrk.no\/WwZimW8YmYfkhLOGJWX3sQzmiWToN28O4IlO7BKT_sOg.jpg 350w, https:\/\/gfx.nrk.no\/WwZimW8YmYfkhLOGJWX3sQdCsbReANdwwIlO7BKT_sOg.jpg 450w, https:\/\/gfx.nrk.no\/WwZimW8YmYfkhLOGJWX3sQCS_zc9v-GeUIlO7BKT_sOg.jpg 650w, https:\/\/gfx.nrk.no\/WwZimW8YmYfkhLOGJWX3sQEx5etw44EQEIlO7BKT_sOg.jpg 1000w, https:\/\/gfx.nrk.no\/WwZimW8YmYfkhLOGJWX3sQ1wqDEmq5zL4IlO7BKT_sOg.jpg 1200w, https:\/\/gfx.nrk.no\/WwZimW8YmYfkhLOGJWX3sQYKzM-h9jcAYIlO7BKT_sOg.jpg 1600w, https:\/\/gfx.nrk.no\/WwZimW8YmYfkhLOGJWX3sQ5OjIDFUZPf4IlO7BKT_sOg.jpg 2000w\" src=\"data:image\/gif;base64,R0lGODlhAQABAIAAAAAAAP\/\/\/yH5BAEAAAAALAAAAAABAAEAAAIBRAA7\" loading=\"eager\" alt=\"KRISTOFFER SIVERTSEN FrP Rogaland, fotografert p\u00e5 FrP Landsm\u00f8tet p\u00e5 Gardermoen\" title=\"Foto: JON PETRUSSON \/ NRK\"\/><\/div><figcaption>\n<p class=\"\">Kristoffer Sivertsen (Frp) rister p\u00e5 hodet av byggesaken i Stavanger.<\/p>\n<p><small>Foto: JON PETRUSSON \/ NRK<\/small><br \/>\n<\/figcaption><\/figure>\n<p><!-- END: \/templates\/image\/image-rich.jsp -->\n<\/div>\n<p>I sitt svar skriver statsr\u00e5den at han har stor forst\u00e5else for at resultatet i saken kan fremst\u00e5 urimelig.<\/p>\n<p>\u2013 Slik regelverket er i dag har jeg ikke rettslig handlingsrom til \u00e5 gripe inn i saken. Jeg vil derfor se n\u00e6rmere p\u00e5 muligheten for \u00e5 endre regelverket for \u00e5 \u00f8ke handlingsrommet for gjenoppf\u00f8ring av boliger som av ulike \u00e5rsaker m\u00e5 rives, skriver han i sitt svar til Sivertsen.<\/p>\n<p><!-- include: \/serum\/render?id=1.16930046&size=18&perspective=RICH&alignment=AUTO --><!-- START: \/templates\/section\/section.jsp --><\/p>\n<p><!-- END: \/templates\/section\/section.jsp -->\n<\/div>\n<p>\n<span class=\"article-publish-date publish-date \"><br \/>\n<span class=\"article-dateline-annotation\">Publisert<\/span><br \/>\n<time class=\"datetime-absolute datePublished\" datetime=\"2026-09-02T10:55:30+02:00\"><br \/>\n02.09.2026, kl. 10.55<br \/>\n<\/time><br \/>\n<\/span>\n<\/p>\n<p><br \/>\n<br \/><a href=\"https:\/\/www.nrk.no\/rogaland\/rev-huset-da-staten-bygde-sykkelstamveg-i-stavanger_-nektes-a-bygge-nytt-1.17865291\">Kildelink <\/a><\/p>","protected":false},"excerpt":{"rendered":"<p>For seks \u00e5r siden bestemte Kjell Helge J\u00e5tun og faren at et gammelt v\u00e5ningshus p\u00e5 g\u00e5rden deres i Stavanger kunne rives. Statens vegvesen trengte nemlig \u00e5 l\u00e5ne et omr\u00e5de p\u00e5 g\u00e5rden, i forbindelse med arbeid p\u00e5 landets f\u00f8rste \u00abmotorvei\u00bb for syklister, sykkelstamvegen mellom Sandnes og Stavanger. Slik s\u00e5 det ut i 2023 da sykkelstamveien og [&hellip;]<\/p>","protected":false},"author":1,"featured_media":20417,"comment_status":"","ping_status":"","sticky":false,"template":"","format":"standard","meta":{"footnotes":""},"categories":[108],"tags":[],"tmauthors":[],"class_list":["post-20416","post","type-post","status-publish","format-standard","has-post-thumbnail","category-lokalnyheter"],"_links":{"self":[{"href":"https:\/\/radiostavanger.no\/index.php?rest_route=\/wp\/v2\/posts\/20416","targetHints":{"allow":["GET"]}}],"collection":[{"href":"https:\/\/radiostavanger.no\/index.php?rest_route=\/wp\/v2\/posts"}],"about":[{"href":"https:\/\/radiostavanger.no\/index.php?rest_route=\/wp\/v2\/types\/post"}],"author":[{"embeddable":true,"href":"https:\/\/radiostavanger.no\/index.php?rest_route=\/wp\/v2\/users\/1"}],"replies":[{"embeddable":true,"href":"https:\/\/radiostavanger.no\/index.php?rest_route=%2Fwp%2Fv2%2Fcomments&post=20416"}],"version-history":[{"count":0,"href":"https:\/\/radiostavanger.no\/index.php?rest_route=\/wp\/v2\/posts\/20416\/revisions"}],"wp:featuredmedia":[{"embeddable":true,"href":"https:\/\/radiostavanger.no\/index.php?rest_route=\/wp\/v2\/media\/20417"}],"wp:attachment":[{"href":"https:\/\/radiostavanger.no\/index.php?rest_route=%2Fwp%2Fv2%2Fmedia&parent=20416"}],"wp:term":[{"taxonomy":"category","embeddable":true,"href":"https:\/\/radiostavanger.no\/index.php?rest_route=%2Fwp%2Fv2%2Fcategories&post=20416"},{"taxonomy":"post_tag","embeddable":true,"href":"https:\/\/radiostavanger.no\/index.php?rest_route=%2Fwp%2Fv2%2Ftags&post=20416"},{"taxonomy":"tmauthors","embeddable":true,"href":"https:\/\/radiostavanger.no\/index.php?rest_route=%2Fwp%2Fv2%2Ftmauthors&post=20416"}],"curies":[{"name":"wp","href":"https:\/\/api.w.org\/{rel}","templated":true}]}}