{"id":20418,"date":"2026-09-02T10:16:03","date_gmt":"2026-09-02T10:16:03","guid":{"rendered":"https:\/\/radiostavanger.no\/?p=20418"},"modified":"2026-09-02T10:16:03","modified_gmt":"2026-09-02T10:16:03","slug":"aktor-ber-om-21-ar-forvaring-i-orkland-drapet-radio-stavanger","status":"publish","type":"post","link":"https:\/\/radiostavanger.no\/?p=20418","title":{"rendered":"Aktor ber om 21 \u00e5r forvaring i Orkland-drapet \u2013 Radio Stavanger"},"content":{"rendered":"<p><br \/>\n<\/p>\n<div id=\"mvp-content-main\">\n<p class=\"radioh-ingress\"><strong>Aktoratet ba onsdag om 21 \u00e5rs forvaring for drapstiltalte J\u00f8rn Andersen, som er tiltalt for \u00e5 ha drept 35 \u00e5r gamle Marita L\u00f8fshus Haugen i Orkland i fjor.<\/strong>\n<\/p>\n<p><strong>Innenriks<\/strong>: \u2013 Jeg kan si med en gang, slik jeg vurderer det, at noe annet enn forvaring er helt uaktuelt, sa statsadvokat og aktor Per Morten Schjetne i sin prosedyre i Tr\u00f8ndelag tingrett, if\u00f8lge Adresseavisen.\n<\/p>\n<p>Han la deretter ned p\u00e5stand om forvaring i 21 \u00e5r med en minstetid p\u00e5 14 \u00e5r. Til fradrag kommer 277 dager i varetekt.\n<\/p>\n<p>Da retten ble satt mandag denne uken, svarte Andersen nei p\u00e5 sp\u00f8rsm\u00e5l om han erkjente straffskyld.\n<\/p>\n<h2>Machete<\/h2>\n<p>\nDet var l\u00f8rdag kveld 13. desember i fjor at den 35 \u00e5r gamle kvinnen ble funnet d\u00f8d utend\u00f8rs p\u00e5 L\u00f8kken Verk i Orkland i Tr\u00f8ndelag.<\/p>\n<p>Det ble raskt satt i gang drapsetterforskning, og senere samme kveld ble 54 \u00e5r gamle J\u00f8rn Andersen p\u00e5grepet i sitt hjem i n\u00e6rheten av funnstedet.\n<\/p>\n<p>Politiet mener kvinnen ble drept med en machete som tilh\u00f8rte mannen. Politiet fant macheten, og knyttet spor p\u00e5 macheten til den n\u00e5 drapstiltalte mannen.\n<\/p>\n<h2>Rusp\u00e5virket<\/h2>\n<p>\nDe har tidligere g\u00e5tt ut med at de to nylig hadde avsluttet et kj\u00e6resteforhold f\u00f8r drapet skjedde.\n<\/p>\n<p>Det var ingen vitner til hendelsen. Andersen var rusp\u00e5virket da han ble p\u00e5grepet.\n<\/p>\n<p>Politiet har tidligere uttalt at han ikke har \u00f8nsket \u00e5 la seg avh\u00f8re av politiet.<\/p>\n<p>NTB har fors\u00f8kt \u00e5 f\u00e5 kontakt med mannens forsvarer, men har ikke f\u00e5tt svar.\n<\/p>\n<h2>Tidligere drapsd\u00f8mt<\/h2>\n<p>\nAndersen, som f\u00f8r het J\u00f8rn-Are Andersen S\u00e6le, ble i 2000 d\u00f8mt til 15 \u00e5rs fengsel for drapet p\u00e5 ekskj\u00e6resten Linn Charlotte Nesblom (16) i Mel\u00f8y i Nordland.\n<\/p>\n<p>Under soning og pr\u00f8vel\u00f8slatelse for drapet ut\u00f8vde han grov vold mot en annen ekskj\u00e6reste. Han ble i 2011 d\u00f8mt til fire \u00e5r og seks m\u00e5neders forvaring for dette og l\u00f8slatt i 2016.\n<\/p>\n<p>(\u00a9NTB)\n<\/p>\n<\/p><\/div>\n<p><script async defer crossorigin=\"anonymous\" data-lazy=\"w3tc\" data-src=\"https:\/\/connect.facebook.net\/nb_NO\/sdk.js#xfbml=1&#038;version=v18.0\"><\/script><br \/>\n<br \/><br \/>\n<br \/><a href=\"https:\/\/radioh.no\/aktor-ber-om-21-ar-forvaring-i-orkland-drapet\/\">Kilde <\/a><\/p>","protected":false},"excerpt":{"rendered":"<p>Aktoratet ba onsdag om 21 \u00e5rs forvaring for drapstiltalte J\u00f8rn Andersen, som er tiltalt for \u00e5 ha drept 35 \u00e5r gamle Marita L\u00f8fshus Haugen i Orkland i fjor. Innenriks: \u2013 Jeg kan si med en gang, slik jeg vurderer det, at noe annet enn forvaring er helt uaktuelt, sa statsadvokat og aktor Per Morten Schjetne [&hellip;]<\/p>","protected":false},"author":1,"featured_media":20419,"comment_status":"","ping_status":"","sticky":false,"template":"","format":"standard","meta":{"footnotes":""},"categories":[107],"tags":[],"tmauthors":[],"class_list":["post-20418","post","type-post","status-publish","format-standard","has-post-thumbnail","category-nyheter"],"_links":{"self":[{"href":"https:\/\/radiostavanger.no\/index.php?rest_route=\/wp\/v2\/posts\/20418","targetHints":{"allow":["GET"]}}],"collection":[{"href":"https:\/\/radiostavanger.no\/index.php?rest_route=\/wp\/v2\/posts"}],"about":[{"href":"https:\/\/radiostavanger.no\/index.php?rest_route=\/wp\/v2\/types\/post"}],"author":[{"embeddable":true,"href":"https:\/\/radiostavanger.no\/index.php?rest_route=\/wp\/v2\/users\/1"}],"replies":[{"embeddable":true,"href":"https:\/\/radiostavanger.no\/index.php?rest_route=%2Fwp%2Fv2%2Fcomments&post=20418"}],"version-history":[{"count":0,"href":"https:\/\/radiostavanger.no\/index.php?rest_route=\/wp\/v2\/posts\/20418\/revisions"}],"wp:featuredmedia":[{"embeddable":true,"href":"https:\/\/radiostavanger.no\/index.php?rest_route=\/wp\/v2\/media\/20419"}],"wp:attachment":[{"href":"https:\/\/radiostavanger.no\/index.php?rest_route=%2Fwp%2Fv2%2Fmedia&parent=20418"}],"wp:term":[{"taxonomy":"category","embeddable":true,"href":"https:\/\/radiostavanger.no\/index.php?rest_route=%2Fwp%2Fv2%2Fcategories&post=20418"},{"taxonomy":"post_tag","embeddable":true,"href":"https:\/\/radiostavanger.no\/index.php?rest_route=%2Fwp%2Fv2%2Ftags&post=20418"},{"taxonomy":"tmauthors","embeddable":true,"href":"https:\/\/radiostavanger.no\/index.php?rest_route=%2Fwp%2Fv2%2Ftmauthors&post=20418"}],"curies":[{"name":"wp","href":"https:\/\/api.w.org\/{rel}","templated":true}]}}