{"id":20420,"date":"2026-09-02T10:21:55","date_gmt":"2026-09-02T10:21:55","guid":{"rendered":"https:\/\/radiostavanger.no\/?p=20420"},"modified":"2026-09-02T10:21:55","modified_gmt":"2026-09-02T10:21:55","slug":"over-300-mister-jobben-i-posten-bring-radio-stavanger","status":"publish","type":"post","link":"https:\/\/radiostavanger.no\/?p=20420","title":{"rendered":"Over 300 mister jobben i Posten Bring \u2013 Radio Stavanger"},"content":{"rendered":"<p><br \/>\n<\/p>\n<div id=\"mvp-content-main\">\n<p class=\"radioh-ingress\"><strong>Posten Bring skal kutte kostnadene med 25 prosent. Det f\u00f8rer til at over 300 ansatte mister jobben.<\/strong>\n<\/p>\n<p><strong>Innenriks<\/strong>: Kuttene ble kunngjort p\u00e5 et allm\u00f8te denne uka og gjelder stab- og st\u00f8ttefunksjoner fram mot 2027, skriver Fagbladet.\n<\/p>\n<p>Bakgrunnen for kuttene er krav om lavere kostnader, t\u00f8ff konkurranse og krav til avkastning fra eieren N\u00e6ringsdepartementet. Konsernet skal n\u00e5 prioritere kjernevirksomheten innen pakker, gods og lager, samt ta i bruk mer kunstig intelligens.\n<\/p>\n<p>Fagforbundet er glad for at postdistribusjonen skjermes, men understreker alvoret for de ber\u00f8rte.\n<\/p>\n<p>\u2013 Dramatikken er samtidig like stor for de ber\u00f8rte, det m\u00e5 understrekes, og v\u00e5re medlemmer skal f\u00e5 god st\u00f8tte fra oss, sier leder Cathrine Erts\u00e5s i Fagforbundet Post og finans til Fagbladet.<\/p>\n<p>Fram mot 1. november skal det gjennomf\u00f8res kartleggingsm\u00f8ter og jobbes med innplassering i ny struktur og ledige stillinger. Posten Bring skal ogs\u00e5 gjennom en st\u00f8rre omorganisering.\n<\/p>\n<p>(\u00a9NTB)\n<\/p>\n<\/p><\/div>\n<p><script async defer crossorigin=\"anonymous\" data-lazy=\"w3tc\" data-src=\"https:\/\/connect.facebook.net\/nb_NO\/sdk.js#xfbml=1&#038;version=v18.0\"><\/script><br \/>\n<br \/><br \/>\n<br \/><a href=\"https:\/\/radioh.no\/over-300-mister-jobben-i-posten-bring\/\">Kilde <\/a><\/p>","protected":false},"excerpt":{"rendered":"<p>Posten Bring skal kutte kostnadene med 25 prosent. Det f\u00f8rer til at over 300 ansatte mister jobben. Innenriks: Kuttene ble kunngjort p\u00e5 et allm\u00f8te denne uka og gjelder stab- og st\u00f8ttefunksjoner fram mot 2027, skriver Fagbladet. Bakgrunnen for kuttene er krav om lavere kostnader, t\u00f8ff konkurranse og krav til avkastning fra eieren N\u00e6ringsdepartementet. Konsernet skal [&hellip;]<\/p>","protected":false},"author":1,"featured_media":20421,"comment_status":"","ping_status":"","sticky":false,"template":"","format":"standard","meta":{"footnotes":""},"categories":[107],"tags":[],"tmauthors":[],"class_list":["post-20420","post","type-post","status-publish","format-standard","has-post-thumbnail","category-nyheter"],"_links":{"self":[{"href":"https:\/\/radiostavanger.no\/index.php?rest_route=\/wp\/v2\/posts\/20420","targetHints":{"allow":["GET"]}}],"collection":[{"href":"https:\/\/radiostavanger.no\/index.php?rest_route=\/wp\/v2\/posts"}],"about":[{"href":"https:\/\/radiostavanger.no\/index.php?rest_route=\/wp\/v2\/types\/post"}],"author":[{"embeddable":true,"href":"https:\/\/radiostavanger.no\/index.php?rest_route=\/wp\/v2\/users\/1"}],"replies":[{"embeddable":true,"href":"https:\/\/radiostavanger.no\/index.php?rest_route=%2Fwp%2Fv2%2Fcomments&post=20420"}],"version-history":[{"count":0,"href":"https:\/\/radiostavanger.no\/index.php?rest_route=\/wp\/v2\/posts\/20420\/revisions"}],"wp:featuredmedia":[{"embeddable":true,"href":"https:\/\/radiostavanger.no\/index.php?rest_route=\/wp\/v2\/media\/20421"}],"wp:attachment":[{"href":"https:\/\/radiostavanger.no\/index.php?rest_route=%2Fwp%2Fv2%2Fmedia&parent=20420"}],"wp:term":[{"taxonomy":"category","embeddable":true,"href":"https:\/\/radiostavanger.no\/index.php?rest_route=%2Fwp%2Fv2%2Fcategories&post=20420"},{"taxonomy":"post_tag","embeddable":true,"href":"https:\/\/radiostavanger.no\/index.php?rest_route=%2Fwp%2Fv2%2Ftags&post=20420"},{"taxonomy":"tmauthors","embeddable":true,"href":"https:\/\/radiostavanger.no\/index.php?rest_route=%2Fwp%2Fv2%2Ftmauthors&post=20420"}],"curies":[{"name":"wp","href":"https:\/\/api.w.org\/{rel}","templated":true}]}}