{"id":20436,"date":"2026-09-02T11:49:08","date_gmt":"2026-09-02T11:49:08","guid":{"rendered":"https:\/\/radiostavanger.no\/?p=20436"},"modified":"2026-09-02T11:49:08","modified_gmt":"2026-09-02T11:49:08","slug":"to-sjofolk-drept-i-angrep-mot-tankskip-i-hormuzstredet-radio-stavanger","status":"publish","type":"post","link":"https:\/\/radiostavanger.no\/?p=20436","title":{"rendered":"To sj\u00f8folk drept i angrep mot tankskip i Hormuzstredet \u2013 Radio Stavanger"},"content":{"rendered":"<p><br \/>\n<\/p>\n<div id=\"mvp-content-main\">\n<p class=\"radioh-ingress\"><strong>To filippinske sj\u00f8folk ble drept i et angrep mot et tankskip i Hormuzstredet mandag, if\u00f8lge rederiet. Iran sto bak, if\u00f8lge Saudi-Arabia.<\/strong>\n<\/p>\n<p><strong>Iran<\/strong>: I en uttalelse fra Saudi-Arabias utenriksdepartement onsdag ettermiddag anklages Iran for \u00e5 st\u00e5 bak angrepet.\n<\/p>\n<p>Den iranske revolusjonsgarden sa tidligere p\u00e5 dagen at to tankskip er i brann etter \u00e5 ha blitt rammet av sj\u00f8miner da de fors\u00f8kte \u00e5 seile gjennom Hormuzstredet utenfor ruten som Iran kontrollerer.\n<\/p>\n<p>\u2013 Bahri bekrefter at fart\u00f8yet v\u00e5rt SIDR var involvert i en sikkerhetshendelse under gjennomfart i Hormuzstredet, heter det i en melding fra det statlige saudiarabiske rederiet Bahri p\u00e5 X onsdag.\n<\/p>\n<p>\u2013 Det er med stor sorg vi bekrefter tapet av to filippinske sj\u00f8folk som f\u00f8lge av hendelsen, heter det videre.<\/p>\n<p>(\u00a9NTB)\n<\/p>\n<\/p><\/div>\n<p><script async defer crossorigin=\"anonymous\" data-lazy=\"w3tc\" data-src=\"https:\/\/connect.facebook.net\/nb_NO\/sdk.js#xfbml=1&#038;version=v18.0\"><\/script><br \/>\n<br \/><br \/>\n<br \/><a href=\"https:\/\/radioh.no\/to-sjofolk-drept-i-angrep-mot-tankskip-i-hormuzstredet\/\">Kilde <\/a><\/p>","protected":false},"excerpt":{"rendered":"<p>To filippinske sj\u00f8folk ble drept i et angrep mot et tankskip i Hormuzstredet mandag, if\u00f8lge rederiet. Iran sto bak, if\u00f8lge Saudi-Arabia. Iran: I en uttalelse fra Saudi-Arabias utenriksdepartement onsdag ettermiddag anklages Iran for \u00e5 st\u00e5 bak angrepet. Den iranske revolusjonsgarden sa tidligere p\u00e5 dagen at to tankskip er i brann etter \u00e5 ha blitt rammet [&hellip;]<\/p>","protected":false},"author":1,"featured_media":20437,"comment_status":"","ping_status":"","sticky":false,"template":"","format":"standard","meta":{"footnotes":""},"categories":[107],"tags":[],"tmauthors":[],"class_list":["post-20436","post","type-post","status-publish","format-standard","has-post-thumbnail","category-nyheter"],"_links":{"self":[{"href":"https:\/\/radiostavanger.no\/index.php?rest_route=\/wp\/v2\/posts\/20436","targetHints":{"allow":["GET"]}}],"collection":[{"href":"https:\/\/radiostavanger.no\/index.php?rest_route=\/wp\/v2\/posts"}],"about":[{"href":"https:\/\/radiostavanger.no\/index.php?rest_route=\/wp\/v2\/types\/post"}],"author":[{"embeddable":true,"href":"https:\/\/radiostavanger.no\/index.php?rest_route=\/wp\/v2\/users\/1"}],"replies":[{"embeddable":true,"href":"https:\/\/radiostavanger.no\/index.php?rest_route=%2Fwp%2Fv2%2Fcomments&post=20436"}],"version-history":[{"count":0,"href":"https:\/\/radiostavanger.no\/index.php?rest_route=\/wp\/v2\/posts\/20436\/revisions"}],"wp:featuredmedia":[{"embeddable":true,"href":"https:\/\/radiostavanger.no\/index.php?rest_route=\/wp\/v2\/media\/20437"}],"wp:attachment":[{"href":"https:\/\/radiostavanger.no\/index.php?rest_route=%2Fwp%2Fv2%2Fmedia&parent=20436"}],"wp:term":[{"taxonomy":"category","embeddable":true,"href":"https:\/\/radiostavanger.no\/index.php?rest_route=%2Fwp%2Fv2%2Fcategories&post=20436"},{"taxonomy":"post_tag","embeddable":true,"href":"https:\/\/radiostavanger.no\/index.php?rest_route=%2Fwp%2Fv2%2Ftags&post=20436"},{"taxonomy":"tmauthors","embeddable":true,"href":"https:\/\/radiostavanger.no\/index.php?rest_route=%2Fwp%2Fv2%2Ftmauthors&post=20436"}],"curies":[{"name":"wp","href":"https:\/\/api.w.org\/{rel}","templated":true}]}}