{"id":20438,"date":"2026-09-02T11:54:41","date_gmt":"2026-09-02T11:54:41","guid":{"rendered":"https:\/\/radiostavanger.no\/?p=20438"},"modified":"2026-09-02T11:54:41","modified_gmt":"2026-09-02T11:54:41","slug":"eu-land-vil-skrote-vetoretten-radio-stavanger","status":"publish","type":"post","link":"https:\/\/radiostavanger.no\/?p=20438","title":{"rendered":"EU-land vil skrote vetoretten \u2013 Radio Stavanger"},"content":{"rendered":"<p><br \/>\n<\/p>\n<div id=\"mvp-content-main\">\n<p class=\"radioh-ingress\"><strong>Elleve EU-land, blant dem tungvekterne Frankrike og Tyskland, vil ha langt mindre bruk av den stadig mer omstridte vetoretten.<\/strong>\n<\/p>\n<p><strong>Ukraina<\/strong>: I et brev som if\u00f8lge Politico er sendt til EUs utenrikssjef Kaja Kallas, ber landene om st\u00f8rre effektivitet i utenriks- og sikkerhetspolitikken.\n<\/p>\n<p>I alle saker p\u00e5 disse to omr\u00e5dene m\u00e5 nemlig vedtak gj\u00f8res enstemmig.\n<\/p>\n<h2>Bremsekloss<\/h2>\n<p>\nDet har vist seg \u00e5 v\u00e6re en stor bremsekloss. De siste \u00e5rene brukte for eksempel Ungarn under Viktor Orban gjentatte ganger vetoretten i viktige vedtak om Ukraina.\n<\/p>\n<p>S\u00e5 sent som i mars i \u00e5r satte Orban foten ned for et gigantl\u00e5n fra EU til Ukraina. Vetoet ble opphevet da Peter Magyar overtok som statsminister i Ungarn.<\/p>\n<p>Det er s\u00e6rlig Tyskland som leder an i fors\u00f8ket p\u00e5 \u00e5 endre reglene slik at vetoretten kan erstattes med kvalifisert flertall. Det vil si at et vedtak kan fattes n\u00e5r minst 15 land som til sammen representerer 65 prosent av EUs befolkning, stemmer ja.\n<\/p>\n<p>Frankrike har p\u00e5 sin side tradisjonelt v\u00e6rt imot \u00e5 oppheve vetoretten. Brevet tar derfor ikke til orde for en ren oppheving, men for mer bruk av kvalifisert flertall.\n<\/p>\n<h2>Unders\u00f8ke muligheter<\/h2>\n<p>\n\u2013 Vi fortsetter \u00e5 jobbe for konsensus n\u00e5r det er mulig, heter det i brevet, der Kallas bes om \u00e5 unders\u00f8ke hvilke muligheter som ligger i EUs traktater for \u00e5 forbedre stemmegivningen.\n<\/p>\n<p>Brevet ligger p\u00e5 bordet n\u00e5r EUs utenriksministre m\u00f8tes i Irland denne uka til de \u00e5rlige s\u00e5kalte Gymnich-samtalene.\n<\/p>\n<p>I tillegg til Frankrike og Tyskland har Danmark, Sverige, Finland, Nederland, \u00d8sterrike, Belgia, Irland, Spania og Romania undertegnet brevet.<\/p>\n<p>(\u00a9NTB)\n<\/p>\n<\/p><\/div>\n<p><script async defer crossorigin=\"anonymous\" data-lazy=\"w3tc\" data-src=\"https:\/\/connect.facebook.net\/nb_NO\/sdk.js#xfbml=1&#038;version=v18.0\"><\/script><br \/>\n<br \/><br \/>\n<br \/><a href=\"https:\/\/radioh.no\/eu-land-vil-skrote-vetoretten\/\">Kilde <\/a><\/p>","protected":false},"excerpt":{"rendered":"<p>Elleve EU-land, blant dem tungvekterne Frankrike og Tyskland, vil ha langt mindre bruk av den stadig mer omstridte vetoretten. Ukraina: I et brev som if\u00f8lge Politico er sendt til EUs utenrikssjef Kaja Kallas, ber landene om st\u00f8rre effektivitet i utenriks- og sikkerhetspolitikken. I alle saker p\u00e5 disse to omr\u00e5dene m\u00e5 nemlig vedtak gj\u00f8res enstemmig. Bremsekloss [&hellip;]<\/p>","protected":false},"author":1,"featured_media":20439,"comment_status":"","ping_status":"","sticky":false,"template":"","format":"standard","meta":{"footnotes":""},"categories":[107],"tags":[],"tmauthors":[],"class_list":["post-20438","post","type-post","status-publish","format-standard","has-post-thumbnail","category-nyheter"],"_links":{"self":[{"href":"https:\/\/radiostavanger.no\/index.php?rest_route=\/wp\/v2\/posts\/20438","targetHints":{"allow":["GET"]}}],"collection":[{"href":"https:\/\/radiostavanger.no\/index.php?rest_route=\/wp\/v2\/posts"}],"about":[{"href":"https:\/\/radiostavanger.no\/index.php?rest_route=\/wp\/v2\/types\/post"}],"author":[{"embeddable":true,"href":"https:\/\/radiostavanger.no\/index.php?rest_route=\/wp\/v2\/users\/1"}],"replies":[{"embeddable":true,"href":"https:\/\/radiostavanger.no\/index.php?rest_route=%2Fwp%2Fv2%2Fcomments&post=20438"}],"version-history":[{"count":0,"href":"https:\/\/radiostavanger.no\/index.php?rest_route=\/wp\/v2\/posts\/20438\/revisions"}],"wp:featuredmedia":[{"embeddable":true,"href":"https:\/\/radiostavanger.no\/index.php?rest_route=\/wp\/v2\/media\/20439"}],"wp:attachment":[{"href":"https:\/\/radiostavanger.no\/index.php?rest_route=%2Fwp%2Fv2%2Fmedia&parent=20438"}],"wp:term":[{"taxonomy":"category","embeddable":true,"href":"https:\/\/radiostavanger.no\/index.php?rest_route=%2Fwp%2Fv2%2Fcategories&post=20438"},{"taxonomy":"post_tag","embeddable":true,"href":"https:\/\/radiostavanger.no\/index.php?rest_route=%2Fwp%2Fv2%2Ftags&post=20438"},{"taxonomy":"tmauthors","embeddable":true,"href":"https:\/\/radiostavanger.no\/index.php?rest_route=%2Fwp%2Fv2%2Ftmauthors&post=20438"}],"curies":[{"name":"wp","href":"https:\/\/api.w.org\/{rel}","templated":true}]}}