{"id":20440,"date":"2026-09-02T12:06:01","date_gmt":"2026-09-02T12:06:01","guid":{"rendered":"https:\/\/radiostavanger.no\/?p=20440"},"modified":"2026-09-02T12:06:01","modified_gmt":"2026-09-02T12:06:01","slug":"eu-sjefen-lover-a-oke-presset-pa-russland-etter-angrepsforsoket-i-leipzig-radio-stavanger","status":"publish","type":"post","link":"https:\/\/radiostavanger.no\/?p=20440","title":{"rendered":"EU-sjefen lover \u00e5 \u00f8ke presset p\u00e5 Russland etter angrepsfors\u00f8ket i Leipzig \u2013 Radio Stavanger"},"content":{"rendered":"<p><br \/>\n<\/p>\n<div id=\"mvp-content-main\">\n<p class=\"radioh-ingress\"><strong>Fors\u00f8ket p\u00e5 droneangrep p\u00e5 flyplassen i Leipzig er en ny russisk opptrapping p\u00e5 europeisk jord, sier EU-kommisjonens leder Ursula von der Leyen.<\/strong>\n<\/p>\n<p><strong>Utenriks<\/strong>: Tysklands regjering anklaget tirsdag offentlig Russland for \u00e5 st\u00e5 bak angrepet.\n<\/p>\n<p>\u2013 Dette var et angrep med bruk av milit\u00e6rt materiell, utf\u00f8rt av russiske agenter p\u00e5 europeisk jord, sa von der Leyen til pressen i Brussel dagen etter.\n<\/p>\n<p>Hun la til at angrepet kunne ha kostet menneskeliv om det hadde lyktes.\n<\/p>\n<p>\u2013 Europa og Nato skal ikke bare opprettholde presset v\u00e5rt p\u00e5 Russland. Vi kommer til \u00e5 \u00f8ke det, og vi skal ikke stoppe, sa EU-sjefen etter \u00e5 ha diskutert saken med Natos generalsekret\u00e6r Mark Rutte.<\/p>\n<p>Hun beskrev hendelsen som del av \u00abet bredere m\u00f8nster med stadig farligere hendelser\u00bb.\n<\/p>\n<p>\u2013 Europeere st\u00e5r overfor den harde sannheten som er at dette er den nye normalen, sier von der Leyen.\n<\/p>\n<p>Rutte deler EU-sjefens syn og la til at Russland blir \u00abstadig mer hensynsl\u00f8st\u00bb.\n<\/p>\n<p>(\u00a9NTB)\n<\/p>\n<\/p><\/div>\n<p><script async defer crossorigin=\"anonymous\" data-lazy=\"w3tc\" data-src=\"https:\/\/connect.facebook.net\/nb_NO\/sdk.js#xfbml=1&#038;version=v18.0\"><\/script><br \/>\n<br \/><br \/>\n<br \/><a href=\"https:\/\/radioh.no\/eu-sjefen-lover-a-oke-presset-pa-russland-etter-angrepsforsoket-i-leipzig\/\">Kilde <\/a><\/p>","protected":false},"excerpt":{"rendered":"<p>Fors\u00f8ket p\u00e5 droneangrep p\u00e5 flyplassen i Leipzig er en ny russisk opptrapping p\u00e5 europeisk jord, sier EU-kommisjonens leder Ursula von der Leyen. Utenriks: Tysklands regjering anklaget tirsdag offentlig Russland for \u00e5 st\u00e5 bak angrepet. \u2013 Dette var et angrep med bruk av milit\u00e6rt materiell, utf\u00f8rt av russiske agenter p\u00e5 europeisk jord, sa von der Leyen [&hellip;]<\/p>","protected":false},"author":1,"featured_media":20441,"comment_status":"","ping_status":"","sticky":false,"template":"","format":"standard","meta":{"footnotes":""},"categories":[107],"tags":[],"tmauthors":[],"class_list":["post-20440","post","type-post","status-publish","format-standard","has-post-thumbnail","category-nyheter"],"_links":{"self":[{"href":"https:\/\/radiostavanger.no\/index.php?rest_route=\/wp\/v2\/posts\/20440","targetHints":{"allow":["GET"]}}],"collection":[{"href":"https:\/\/radiostavanger.no\/index.php?rest_route=\/wp\/v2\/posts"}],"about":[{"href":"https:\/\/radiostavanger.no\/index.php?rest_route=\/wp\/v2\/types\/post"}],"author":[{"embeddable":true,"href":"https:\/\/radiostavanger.no\/index.php?rest_route=\/wp\/v2\/users\/1"}],"replies":[{"embeddable":true,"href":"https:\/\/radiostavanger.no\/index.php?rest_route=%2Fwp%2Fv2%2Fcomments&post=20440"}],"version-history":[{"count":0,"href":"https:\/\/radiostavanger.no\/index.php?rest_route=\/wp\/v2\/posts\/20440\/revisions"}],"wp:featuredmedia":[{"embeddable":true,"href":"https:\/\/radiostavanger.no\/index.php?rest_route=\/wp\/v2\/media\/20441"}],"wp:attachment":[{"href":"https:\/\/radiostavanger.no\/index.php?rest_route=%2Fwp%2Fv2%2Fmedia&parent=20440"}],"wp:term":[{"taxonomy":"category","embeddable":true,"href":"https:\/\/radiostavanger.no\/index.php?rest_route=%2Fwp%2Fv2%2Fcategories&post=20440"},{"taxonomy":"post_tag","embeddable":true,"href":"https:\/\/radiostavanger.no\/index.php?rest_route=%2Fwp%2Fv2%2Ftags&post=20440"},{"taxonomy":"tmauthors","embeddable":true,"href":"https:\/\/radiostavanger.no\/index.php?rest_route=%2Fwp%2Fv2%2Ftmauthors&post=20440"}],"curies":[{"name":"wp","href":"https:\/\/api.w.org\/{rel}","templated":true}]}}