{"id":20442,"date":"2026-09-02T12:24:21","date_gmt":"2026-09-02T12:24:21","guid":{"rendered":"https:\/\/radiostavanger.no\/?p=20442"},"modified":"2026-09-02T12:24:21","modified_gmt":"2026-09-02T12:24:21","slug":"marius-borg-hoiby-samtykker-til-videre-fengsling-med-fotlenke-radio-stavanger","status":"publish","type":"post","link":"https:\/\/radiostavanger.no\/?p=20442","title":{"rendered":"Marius Borg H\u00f8iby samtykker til videre fengsling med fotlenke \u2013 Radio Stavanger"},"content":{"rendered":"<p><br \/>\n<\/p>\n<div id=\"mvp-content-main\">\n<p class=\"radioh-ingress\"><strong>Politiet vil begj\u00e6re videre varetektsfengsling for Marius Borg H\u00f8iby. 29-\u00e5ringens forsvarer sier at han samtykker til videre fengsling.<\/strong>\n<\/p>\n<p><strong>Innenriks<\/strong>: \u2013 H\u00f8iby er fortsatt uenig i at det foreligger gjentakelsesfare, men han kommer til \u00e5 samtykke til videre fengsling denne gangen. Det skyldes kongens bortgang og omstendighetene rundt, sier hans forsvarer, advokat Petar Sekulic, til NTB.\n<\/p>\n<p>29-\u00e5ringen har sittet i varetekt med fotlenke p\u00e5 Skaugum siden midten av juli. Fengslingsfristen g\u00e5r ut 7. september.\n<\/p>\n<p>\u2013 P\u00e5talemyndigheten vil be om videre varetektsfengsling med elektronisk kontroll (Vtek) av Marius Borg H\u00f8iby, skriver politiadvokat Oda Karterud i Oslo politidistrikt i en epost til NTB.\n<\/p>\n<p>Nettavisen omtalte saken f\u00f8rst.<\/p>\n<p>Dronning Mette-Marits s\u00f8nn har v\u00e6rt varetektsfengslet siden starten av rettssaken mot ham i februar, noe som tilsvarer over 200 dager.\n<\/p>\n<p>Varetektsfengslingen er begrunnet med gjentakelsesfare for nye lovbrudd mot ekskj\u00e6resten, den s\u00e5kalte Frogner-kvinnen. I midten av juni ble H\u00f8iby d\u00f8mt til fire \u00e5rs fengsel for to voldtekter og mishandling, totalt 34 forhold.\n<\/p>\n<p>Han ble frifunnet for to voldtektsposter og har anket dommen, som dermed ikke er rettskraftig.\n<\/p>\n<p>De siste dagene har H\u00f8iby f\u00e5tt innvilget utgang ved flere anledninger, blant annet i forbindelse med kong Haralds bortgang og b\u00e5reb\u00e6ring mandag. H\u00f8iby har ogs\u00e5 f\u00e5tt godkjent \u00e5 v\u00e6re til stede under gravferden 9. september.\n<\/p>\n<p>(\u00a9NTB)<\/p>\n<\/p><\/div>\n<p><script async defer crossorigin=\"anonymous\" data-lazy=\"w3tc\" data-src=\"https:\/\/connect.facebook.net\/nb_NO\/sdk.js#xfbml=1&#038;version=v18.0\"><\/script><br \/>\n<br \/><br \/>\n<br \/><a href=\"https:\/\/radioh.no\/forsvarer-marius-borg-hoiby-samtykker-til-videre-fengsling-med-fotlenke\/\">Kilde <\/a><\/p>","protected":false},"excerpt":{"rendered":"<p>Politiet vil begj\u00e6re videre varetektsfengsling for Marius Borg H\u00f8iby. 29-\u00e5ringens forsvarer sier at han samtykker til videre fengsling. Innenriks: \u2013 H\u00f8iby er fortsatt uenig i at det foreligger gjentakelsesfare, men han kommer til \u00e5 samtykke til videre fengsling denne gangen. Det skyldes kongens bortgang og omstendighetene rundt, sier hans forsvarer, advokat Petar Sekulic, til NTB. [&hellip;]<\/p>","protected":false},"author":1,"featured_media":20443,"comment_status":"","ping_status":"","sticky":false,"template":"","format":"standard","meta":{"footnotes":""},"categories":[107],"tags":[],"tmauthors":[],"class_list":["post-20442","post","type-post","status-publish","format-standard","has-post-thumbnail","category-nyheter"],"_links":{"self":[{"href":"https:\/\/radiostavanger.no\/index.php?rest_route=\/wp\/v2\/posts\/20442","targetHints":{"allow":["GET"]}}],"collection":[{"href":"https:\/\/radiostavanger.no\/index.php?rest_route=\/wp\/v2\/posts"}],"about":[{"href":"https:\/\/radiostavanger.no\/index.php?rest_route=\/wp\/v2\/types\/post"}],"author":[{"embeddable":true,"href":"https:\/\/radiostavanger.no\/index.php?rest_route=\/wp\/v2\/users\/1"}],"replies":[{"embeddable":true,"href":"https:\/\/radiostavanger.no\/index.php?rest_route=%2Fwp%2Fv2%2Fcomments&post=20442"}],"version-history":[{"count":0,"href":"https:\/\/radiostavanger.no\/index.php?rest_route=\/wp\/v2\/posts\/20442\/revisions"}],"wp:featuredmedia":[{"embeddable":true,"href":"https:\/\/radiostavanger.no\/index.php?rest_route=\/wp\/v2\/media\/20443"}],"wp:attachment":[{"href":"https:\/\/radiostavanger.no\/index.php?rest_route=%2Fwp%2Fv2%2Fmedia&parent=20442"}],"wp:term":[{"taxonomy":"category","embeddable":true,"href":"https:\/\/radiostavanger.no\/index.php?rest_route=%2Fwp%2Fv2%2Fcategories&post=20442"},{"taxonomy":"post_tag","embeddable":true,"href":"https:\/\/radiostavanger.no\/index.php?rest_route=%2Fwp%2Fv2%2Ftags&post=20442"},{"taxonomy":"tmauthors","embeddable":true,"href":"https:\/\/radiostavanger.no\/index.php?rest_route=%2Fwp%2Fv2%2Ftmauthors&post=20442"}],"curies":[{"name":"wp","href":"https:\/\/api.w.org\/{rel}","templated":true}]}}