{"id":20456,"date":"2026-09-02T13:23:56","date_gmt":"2026-09-02T13:23:56","guid":{"rendered":"https:\/\/radiostavanger.no\/?p=20456"},"modified":"2026-09-02T13:23:56","modified_gmt":"2026-09-02T13:23:56","slug":"flytter-teaterpremiere-pa-akershus-festning-radio-stavanger","status":"publish","type":"post","link":"https:\/\/radiostavanger.no\/?p=20456","title":{"rendered":"Flytter teaterpremiere p\u00e5 Akershus festning \u2013 Radio Stavanger"},"content":{"rendered":"<p><br \/>\n<\/p>\n<div id=\"mvp-content-main\">\n<p class=\"radioh-ingress\"><strong>Av respekt for kong Haralds gravferd flyttes premieren p\u00e5 forestillingen \u00abFestningen forteller\u00bb p\u00e5 Akershus festning \u00e9n dag.<\/strong>\n<\/p>\n<p><strong>Innenriks<\/strong>: Opprinnelig var premieredagen 10. september, dagen etter gravferden. N\u00e5 vil det i stedet bli premiere 11. september.\n<\/p>\n<p>\u2013 Kongens gravplass er jo her p\u00e5 festningen, og vi avlyser av respekt for ham, sier Agnete Haaland, kunstnerisk og daglig leder for Karpedammen Scene, som st\u00e5r bak \u00abFestningen forteller\u00bb sammen med Grenland Friteater.\n<\/p>\n<p>\u2013 Vi kommer til \u00e5 ta inn i forestillingen at kongen er gravlagt her, p\u00e5 samme m\u00e5te som vi har inkludert andre store nasjonale hendelser p\u00e5 festningen, sier Haaland, som selv medvirker som dronning Margrete I som voksen.\n<\/p>\n<p>Hun er glad for at forestillingen, som er et vandreteater gjennom festningens historie, kan gjennomf\u00f8res de p\u00e5f\u00f8lgende dagene fram til og med 13. september.<\/p>\n<p>\u2013 Norge er preget av \u00e5 ha mistet en varm, inkluderende og samlende konge, og n\u00e5 trenger vi \u00e5 v\u00e6re sammen med hverandre, legger hun til.\n<\/p>\n<p>Det kongelige mausoleum befinner seg p\u00e5 Akershus festning. Etter kongens gravferd i Oslo domkirke blir det en seremoni der for kongens familie og n\u00e6rmeste.\n<\/p>\n<p>Festningen er stengt under forberedelsene til gravferden, og all kulturaktivitet avlyses til etter den er over. Det gjelder flere andre kulturaktiviteter, b\u00e5de forestillinger og konserter.\n<\/p>\n<p>(\u00a9NTB)\n<\/p>\n<\/p><\/div>\n<p><script async defer crossorigin=\"anonymous\" data-lazy=\"w3tc\" data-src=\"https:\/\/connect.facebook.net\/nb_NO\/sdk.js#xfbml=1&#038;version=v18.0\"><\/script><br \/>\n<br \/><br \/>\n<br \/><a href=\"https:\/\/radioh.no\/flytter-teaterpremiere-pa-akershus-festning\/\">Kilde <\/a><\/p>","protected":false},"excerpt":{"rendered":"<p>Av respekt for kong Haralds gravferd flyttes premieren p\u00e5 forestillingen \u00abFestningen forteller\u00bb p\u00e5 Akershus festning \u00e9n dag. Innenriks: Opprinnelig var premieredagen 10. september, dagen etter gravferden. N\u00e5 vil det i stedet bli premiere 11. september. \u2013 Kongens gravplass er jo her p\u00e5 festningen, og vi avlyser av respekt for ham, sier Agnete Haaland, kunstnerisk og [&hellip;]<\/p>","protected":false},"author":1,"featured_media":20457,"comment_status":"","ping_status":"","sticky":false,"template":"","format":"standard","meta":{"footnotes":""},"categories":[107],"tags":[],"tmauthors":[],"class_list":["post-20456","post","type-post","status-publish","format-standard","has-post-thumbnail","category-nyheter"],"_links":{"self":[{"href":"https:\/\/radiostavanger.no\/index.php?rest_route=\/wp\/v2\/posts\/20456","targetHints":{"allow":["GET"]}}],"collection":[{"href":"https:\/\/radiostavanger.no\/index.php?rest_route=\/wp\/v2\/posts"}],"about":[{"href":"https:\/\/radiostavanger.no\/index.php?rest_route=\/wp\/v2\/types\/post"}],"author":[{"embeddable":true,"href":"https:\/\/radiostavanger.no\/index.php?rest_route=\/wp\/v2\/users\/1"}],"replies":[{"embeddable":true,"href":"https:\/\/radiostavanger.no\/index.php?rest_route=%2Fwp%2Fv2%2Fcomments&post=20456"}],"version-history":[{"count":0,"href":"https:\/\/radiostavanger.no\/index.php?rest_route=\/wp\/v2\/posts\/20456\/revisions"}],"wp:featuredmedia":[{"embeddable":true,"href":"https:\/\/radiostavanger.no\/index.php?rest_route=\/wp\/v2\/media\/20457"}],"wp:attachment":[{"href":"https:\/\/radiostavanger.no\/index.php?rest_route=%2Fwp%2Fv2%2Fmedia&parent=20456"}],"wp:term":[{"taxonomy":"category","embeddable":true,"href":"https:\/\/radiostavanger.no\/index.php?rest_route=%2Fwp%2Fv2%2Fcategories&post=20456"},{"taxonomy":"post_tag","embeddable":true,"href":"https:\/\/radiostavanger.no\/index.php?rest_route=%2Fwp%2Fv2%2Ftags&post=20456"},{"taxonomy":"tmauthors","embeddable":true,"href":"https:\/\/radiostavanger.no\/index.php?rest_route=%2Fwp%2Fv2%2Ftmauthors&post=20456"}],"curies":[{"name":"wp","href":"https:\/\/api.w.org\/{rel}","templated":true}]}}