{"id":20462,"date":"2026-09-02T13:42:00","date_gmt":"2026-09-02T13:42:00","guid":{"rendered":"https:\/\/radiostavanger.no\/?p=20462"},"modified":"2026-09-02T13:42:00","modified_gmt":"2026-09-02T13:42:00","slug":"norsk-politi-far-bistand-fra-svensk-og-dansk-politi-under-gravferden-radio-stavanger","status":"publish","type":"post","link":"https:\/\/radiostavanger.no\/?p=20462","title":{"rendered":"Norsk politi f\u00e5r bistand fra svensk og dansk politi under gravferden \u2013 Radio Stavanger"},"content":{"rendered":"<p><br \/>\n<\/p>\n<div id=\"mvp-content-main\">\n<p class=\"radioh-ingress\"><strong>Norsk politi henter inn store ressurser i forbindelse med kong Haralds gravferd. Det kommer politistyrker fra b\u00e5de Sverige og Danmark.<\/strong>\n<\/p>\n<p><strong>Innenriks<\/strong>: Kong Haralds gravferd finner sted onsdag 9. september, og det ventes et stort antall gjester fra inn- og utland. Sikkerhetsoppbudet blir blant norgeshistoriens st\u00f8rste, if\u00f8lge politiet.\n<\/p>\n<p>\u2013 Det er helt \u00e5penbart at det blir en veldig stor, kanskje blant de aller st\u00f8rste politioperasjonene som har v\u00e6rt, sier innsatsleder Tomm Berger ved Oslo politidistrikt til NTB.\n<\/p>\n<p>Dansk politi bekrefter overfor VG at de vil bist\u00e5 under gravferden.\n<\/p>\n<p>\u2013 I forbindelse med gjennomf\u00f8ringen av den norske kong Haralds begravelse mottok dansk politi en konkret anmodning om bistand fra norsk politi, som dansk politi etterkommer, sier Magnus Snoer, kommunikasjonsr\u00e5dgiver i politiet i Danmark, til VG.<\/p>\n<p>Politiet i Sverige bekrefter overfor Dagbladet at ogs\u00e5 de skal bist\u00e5 under gravferden, sier pressetalsperson Rebecca Landberg.\n<\/p>\n<p>\u2013 Vi kan bekrefte at vi vil bist\u00e5 norsk politi ved kong Haralds begravelse, men vi \u00f8nsker ikke utdype detaljene. Det er opp til norsk politi \u00e5 fortelle om sikkerhetsarbeidet rundt begravelsen.\n<\/p>\n<p>(\u00a9NTB)\n<\/p>\n<\/p><\/div>\n<p><script async defer crossorigin=\"anonymous\" data-lazy=\"w3tc\" data-src=\"https:\/\/connect.facebook.net\/nb_NO\/sdk.js#xfbml=1&#038;version=v18.0\"><\/script><br \/>\n<br \/><br \/>\n<br \/><a href=\"https:\/\/radioh.no\/norsk-politi-far-bistand-fra-svensk-og-dansk-politi-under-gravferden\/\">Kilde <\/a><\/p>","protected":false},"excerpt":{"rendered":"<p>Norsk politi henter inn store ressurser i forbindelse med kong Haralds gravferd. Det kommer politistyrker fra b\u00e5de Sverige og Danmark. Innenriks: Kong Haralds gravferd finner sted onsdag 9. september, og det ventes et stort antall gjester fra inn- og utland. Sikkerhetsoppbudet blir blant norgeshistoriens st\u00f8rste, if\u00f8lge politiet. \u2013 Det er helt \u00e5penbart at det blir [&hellip;]<\/p>","protected":false},"author":1,"featured_media":20463,"comment_status":"","ping_status":"","sticky":false,"template":"","format":"standard","meta":{"footnotes":""},"categories":[107],"tags":[],"tmauthors":[],"class_list":["post-20462","post","type-post","status-publish","format-standard","has-post-thumbnail","category-nyheter"],"_links":{"self":[{"href":"https:\/\/radiostavanger.no\/index.php?rest_route=\/wp\/v2\/posts\/20462","targetHints":{"allow":["GET"]}}],"collection":[{"href":"https:\/\/radiostavanger.no\/index.php?rest_route=\/wp\/v2\/posts"}],"about":[{"href":"https:\/\/radiostavanger.no\/index.php?rest_route=\/wp\/v2\/types\/post"}],"author":[{"embeddable":true,"href":"https:\/\/radiostavanger.no\/index.php?rest_route=\/wp\/v2\/users\/1"}],"replies":[{"embeddable":true,"href":"https:\/\/radiostavanger.no\/index.php?rest_route=%2Fwp%2Fv2%2Fcomments&post=20462"}],"version-history":[{"count":0,"href":"https:\/\/radiostavanger.no\/index.php?rest_route=\/wp\/v2\/posts\/20462\/revisions"}],"wp:featuredmedia":[{"embeddable":true,"href":"https:\/\/radiostavanger.no\/index.php?rest_route=\/wp\/v2\/media\/20463"}],"wp:attachment":[{"href":"https:\/\/radiostavanger.no\/index.php?rest_route=%2Fwp%2Fv2%2Fmedia&parent=20462"}],"wp:term":[{"taxonomy":"category","embeddable":true,"href":"https:\/\/radiostavanger.no\/index.php?rest_route=%2Fwp%2Fv2%2Fcategories&post=20462"},{"taxonomy":"post_tag","embeddable":true,"href":"https:\/\/radiostavanger.no\/index.php?rest_route=%2Fwp%2Fv2%2Ftags&post=20462"},{"taxonomy":"tmauthors","embeddable":true,"href":"https:\/\/radiostavanger.no\/index.php?rest_route=%2Fwp%2Fv2%2Ftmauthors&post=20462"}],"curies":[{"name":"wp","href":"https:\/\/api.w.org\/{rel}","templated":true}]}}