{"id":20465,"date":"2026-09-02T14:19:08","date_gmt":"2026-09-02T14:19:08","guid":{"rendered":"https:\/\/radiostavanger.no\/?p=20465"},"modified":"2026-09-02T14:19:08","modified_gmt":"2026-09-02T14:19:08","slug":"sveitsisk-politi-mener-mistenkt-rave-skytter-har-psykiske-problemer-radio-stavanger","status":"publish","type":"post","link":"https:\/\/radiostavanger.no\/?p=20465","title":{"rendered":"Sveitsisk politi mener mistenkt rave-skytter har psykiske problemer \u2013 Radio Stavanger"},"content":{"rendered":"<p><br \/>\n<\/p>\n<div id=\"mvp-content-main\">\n<p class=\"radioh-ingress\"><strong>Mannen som mistenkes for \u00e5 ha avfyrt flere skudd og drept en italiensk kvinne p\u00e5 et raveparty i Sveits, har psykiske problemer, mener p\u00e5talemyndigheten.<\/strong>\n<\/p>\n<p><strong>Utenriks<\/strong>: Skytingen fant sted natt til s\u00f8ndag p\u00e5 et \u00e5rlig raveparty p\u00e5 en travbane i byen Aarau nord i Sveits.\n<\/p>\n<p>En 22 \u00e5r gammel kvinne ble drept og fem andre s\u00e5ret, noen av dem alvorlig.\n<\/p>\n<p>Mandag opps\u00f8kte en 43 \u00e5r gammel sveitsisk mann politiet i Del\u00e9mont, om lag 80 kilometer \u00f8st for Aarau.\n<\/p>\n<p>Mannen lider av \u00abpsykiske problemer\u00bb, og han har ikke villet si noe etter at han ble p\u00e5grepet, sier statsadvokat Christoph R\u00fcedi i den sveitsiske p\u00e5talemyndigheten p\u00e5 en pressekonferanse.<\/p>\n<p>R\u00fcedi sier at politiet fant to pistoler og et AK-47-gev\u00e6r i den mistenktes bil. Motivet for skytingen er forel\u00f8pig ikke klarlagt. 43-\u00e5ringen var ikke kjent for sveitsisk politi fra f\u00f8r, og han knyttes ikke til ekstremistgrupper.\n<\/p>\n<p>(\u00a9NTB)\n<\/p>\n<\/p><\/div>\n<p><script async defer crossorigin=\"anonymous\" data-lazy=\"w3tc\" data-src=\"https:\/\/connect.facebook.net\/nb_NO\/sdk.js#xfbml=1&#038;version=v18.0\"><\/script><br \/>\n<br \/><br \/>\n<br \/><a href=\"https:\/\/radioh.no\/sveitsisk-politi-mener-mistenkt-rave-skytter-har-psykiske-problemer\/\">Kilde <\/a><\/p>","protected":false},"excerpt":{"rendered":"<p>Mannen som mistenkes for \u00e5 ha avfyrt flere skudd og drept en italiensk kvinne p\u00e5 et raveparty i Sveits, har psykiske problemer, mener p\u00e5talemyndigheten. Utenriks: Skytingen fant sted natt til s\u00f8ndag p\u00e5 et \u00e5rlig raveparty p\u00e5 en travbane i byen Aarau nord i Sveits. En 22 \u00e5r gammel kvinne ble drept og fem andre s\u00e5ret, [&hellip;]<\/p>","protected":false},"author":1,"featured_media":20466,"comment_status":"","ping_status":"","sticky":false,"template":"","format":"standard","meta":{"footnotes":""},"categories":[107],"tags":[],"tmauthors":[],"class_list":["post-20465","post","type-post","status-publish","format-standard","has-post-thumbnail","category-nyheter"],"_links":{"self":[{"href":"https:\/\/radiostavanger.no\/index.php?rest_route=\/wp\/v2\/posts\/20465","targetHints":{"allow":["GET"]}}],"collection":[{"href":"https:\/\/radiostavanger.no\/index.php?rest_route=\/wp\/v2\/posts"}],"about":[{"href":"https:\/\/radiostavanger.no\/index.php?rest_route=\/wp\/v2\/types\/post"}],"author":[{"embeddable":true,"href":"https:\/\/radiostavanger.no\/index.php?rest_route=\/wp\/v2\/users\/1"}],"replies":[{"embeddable":true,"href":"https:\/\/radiostavanger.no\/index.php?rest_route=%2Fwp%2Fv2%2Fcomments&post=20465"}],"version-history":[{"count":0,"href":"https:\/\/radiostavanger.no\/index.php?rest_route=\/wp\/v2\/posts\/20465\/revisions"}],"wp:featuredmedia":[{"embeddable":true,"href":"https:\/\/radiostavanger.no\/index.php?rest_route=\/wp\/v2\/media\/20466"}],"wp:attachment":[{"href":"https:\/\/radiostavanger.no\/index.php?rest_route=%2Fwp%2Fv2%2Fmedia&parent=20465"}],"wp:term":[{"taxonomy":"category","embeddable":true,"href":"https:\/\/radiostavanger.no\/index.php?rest_route=%2Fwp%2Fv2%2Fcategories&post=20465"},{"taxonomy":"post_tag","embeddable":true,"href":"https:\/\/radiostavanger.no\/index.php?rest_route=%2Fwp%2Fv2%2Ftags&post=20465"},{"taxonomy":"tmauthors","embeddable":true,"href":"https:\/\/radiostavanger.no\/index.php?rest_route=%2Fwp%2Fv2%2Ftmauthors&post=20465"}],"curies":[{"name":"wp","href":"https:\/\/api.w.org\/{rel}","templated":true}]}}