{"id":20469,"date":"2026-09-02T14:30:55","date_gmt":"2026-09-02T14:30:55","guid":{"rendered":"https:\/\/radiostavanger.no\/?p=20469"},"modified":"2026-09-02T14:30:55","modified_gmt":"2026-09-02T14:30:55","slug":"storskjermer-i-oslo-sentrum-viser-kong-haralds-gravferd-radio-stavanger","status":"publish","type":"post","link":"https:\/\/radiostavanger.no\/?p=20469","title":{"rendered":"Storskjermer i Oslo sentrum viser kong Haralds gravferd \u2013 Radio Stavanger"},"content":{"rendered":"<p><br \/>\n<\/p>\n<div id=\"mvp-content-main\">\n<p class=\"radioh-ingress\"><strong>Oslo kommune setter opp storskjermer i sentrum for \u00e5 vise kong Haralds gravferd.<\/strong>\n<\/p>\n<p><strong>Innenriks<\/strong>: \u2013 P\u00e5 kort varsel har vi f\u00e5tt storskjermer p\u00e5 plass. Disse vil gj\u00f8re gravferden mer tilgjengelig, der folk i Oslo kan v\u00e6re sammen i s\u00f8rgeperioden og minnes kong Harald, sier byr\u00e5dsleder Eirik Lae Solberg (H) i en pressemelding.\n<\/p>\n<p>Gravferden holdes 9. september i Oslo domkirke. Seremonien starter klokken 13. Skjermene plasseres langs ruten til prosesjonen, som g\u00e5r fra Slottet til domkirken.\n<\/p>\n<p>\u2013 Jeg er glad for at alle i Oslo kan f\u00e5 se gravferden sammen og v\u00e6re en del av det sterke fellesskapet vi har opplevd i byen de siste dagene, sier ordf\u00f8rer Anne Lindboe (H).\n<\/p>\n<p>Oslo kommune kommer tilbake med mer informasjon om hvor skjermene blir plassert.<\/p>\n<p>(\u00a9NTB)\n<\/p>\n<\/p><\/div>\n<p><script async defer crossorigin=\"anonymous\" data-lazy=\"w3tc\" data-src=\"https:\/\/connect.facebook.net\/nb_NO\/sdk.js#xfbml=1&#038;version=v18.0\"><\/script><br \/>\n<br \/><br \/>\n<br \/><a href=\"https:\/\/radioh.no\/storskjermer-i-oslo-sentrum-viser-kong-haralds-gravferd\/\">Kilde <\/a><\/p>","protected":false},"excerpt":{"rendered":"<p>Oslo kommune setter opp storskjermer i sentrum for \u00e5 vise kong Haralds gravferd. Innenriks: \u2013 P\u00e5 kort varsel har vi f\u00e5tt storskjermer p\u00e5 plass. Disse vil gj\u00f8re gravferden mer tilgjengelig, der folk i Oslo kan v\u00e6re sammen i s\u00f8rgeperioden og minnes kong Harald, sier byr\u00e5dsleder Eirik Lae Solberg (H) i en pressemelding. Gravferden holdes 9. [&hellip;]<\/p>","protected":false},"author":1,"featured_media":20470,"comment_status":"","ping_status":"","sticky":false,"template":"","format":"standard","meta":{"footnotes":""},"categories":[107],"tags":[],"tmauthors":[],"class_list":["post-20469","post","type-post","status-publish","format-standard","has-post-thumbnail","category-nyheter"],"_links":{"self":[{"href":"https:\/\/radiostavanger.no\/index.php?rest_route=\/wp\/v2\/posts\/20469","targetHints":{"allow":["GET"]}}],"collection":[{"href":"https:\/\/radiostavanger.no\/index.php?rest_route=\/wp\/v2\/posts"}],"about":[{"href":"https:\/\/radiostavanger.no\/index.php?rest_route=\/wp\/v2\/types\/post"}],"author":[{"embeddable":true,"href":"https:\/\/radiostavanger.no\/index.php?rest_route=\/wp\/v2\/users\/1"}],"replies":[{"embeddable":true,"href":"https:\/\/radiostavanger.no\/index.php?rest_route=%2Fwp%2Fv2%2Fcomments&post=20469"}],"version-history":[{"count":0,"href":"https:\/\/radiostavanger.no\/index.php?rest_route=\/wp\/v2\/posts\/20469\/revisions"}],"wp:featuredmedia":[{"embeddable":true,"href":"https:\/\/radiostavanger.no\/index.php?rest_route=\/wp\/v2\/media\/20470"}],"wp:attachment":[{"href":"https:\/\/radiostavanger.no\/index.php?rest_route=%2Fwp%2Fv2%2Fmedia&parent=20469"}],"wp:term":[{"taxonomy":"category","embeddable":true,"href":"https:\/\/radiostavanger.no\/index.php?rest_route=%2Fwp%2Fv2%2Fcategories&post=20469"},{"taxonomy":"post_tag","embeddable":true,"href":"https:\/\/radiostavanger.no\/index.php?rest_route=%2Fwp%2Fv2%2Ftags&post=20469"},{"taxonomy":"tmauthors","embeddable":true,"href":"https:\/\/radiostavanger.no\/index.php?rest_route=%2Fwp%2Fv2%2Ftmauthors&post=20469"}],"curies":[{"name":"wp","href":"https:\/\/api.w.org\/{rel}","templated":true}]}}