{"id":20471,"date":"2026-09-02T14:44:39","date_gmt":"2026-09-02T14:44:39","guid":{"rendered":"https:\/\/radiostavanger.no\/?p=20471"},"modified":"2026-09-02T14:44:39","modified_gmt":"2026-09-02T14:44:39","slug":"20-savnede-antas-omkommet-etter-at-ferge-kantret-utenfor-nord-kypros-radio-stavanger","status":"publish","type":"post","link":"https:\/\/radiostavanger.no\/?p=20471","title":{"rendered":"20 savnede antas omkommet etter at ferge kantret utenfor Nord-Kypros \u2013 Radio Stavanger"},"content":{"rendered":"<p><br \/>\n<\/p>\n<div id=\"mvp-content-main\">\n<p class=\"radioh-ingress\"><strong>20 savnede passasjerer antas \u00e5 ha omkommet da en ferge kantret utenfor Nord-Kypros s\u00f8ndag.<\/strong>\n<\/p>\n<p><strong>Utenriks<\/strong>: Fra f\u00f8r er \u00e5tte personer bekreftet omkommet. Fergen med 267 passasjerer om bord kantret kort tid etter at den forlot kai i Kyrenia p\u00e5 nordsiden av den delte \u00f8ya.\n<\/p>\n<p>Den forliste fergen unders\u00f8kes for tiden av tyrkiske undervannsdroner p\u00e5 550 meters dyp.\n<\/p>\n<p>\u2013 Leteoperasjonen fortsetter etter 20 savnede personer som vi tror er p\u00e5 fergen fortsatt, sier Unal Ustel, statsminister i den selvutnevnte tyrkisk-kypriotiske regjeringen.\n<\/p>\n<p>18 av dem er tyrkiske statsborgere, mens to av dem bor i Nord-Kypros.<\/p>\n<p>(\u00a9NTB)\n<\/p>\n<\/p><\/div>\n<p><script async defer crossorigin=\"anonymous\" data-lazy=\"w3tc\" data-src=\"https:\/\/connect.facebook.net\/nb_NO\/sdk.js#xfbml=1&#038;version=v18.0\"><\/script><br \/>\n<br \/><br \/>\n<br \/><a href=\"https:\/\/radioh.no\/20-savnede-antas-omkommet-etter-at-ferge-kantret-utenfor-nord-kypros\/\">Kilde <\/a><\/p>","protected":false},"excerpt":{"rendered":"<p>20 savnede passasjerer antas \u00e5 ha omkommet da en ferge kantret utenfor Nord-Kypros s\u00f8ndag. Utenriks: Fra f\u00f8r er \u00e5tte personer bekreftet omkommet. Fergen med 267 passasjerer om bord kantret kort tid etter at den forlot kai i Kyrenia p\u00e5 nordsiden av den delte \u00f8ya. Den forliste fergen unders\u00f8kes for tiden av tyrkiske undervannsdroner p\u00e5 550 [&hellip;]<\/p>","protected":false},"author":1,"featured_media":20472,"comment_status":"","ping_status":"","sticky":false,"template":"","format":"standard","meta":{"footnotes":""},"categories":[107],"tags":[],"tmauthors":[],"class_list":["post-20471","post","type-post","status-publish","format-standard","has-post-thumbnail","category-nyheter"],"_links":{"self":[{"href":"https:\/\/radiostavanger.no\/index.php?rest_route=\/wp\/v2\/posts\/20471","targetHints":{"allow":["GET"]}}],"collection":[{"href":"https:\/\/radiostavanger.no\/index.php?rest_route=\/wp\/v2\/posts"}],"about":[{"href":"https:\/\/radiostavanger.no\/index.php?rest_route=\/wp\/v2\/types\/post"}],"author":[{"embeddable":true,"href":"https:\/\/radiostavanger.no\/index.php?rest_route=\/wp\/v2\/users\/1"}],"replies":[{"embeddable":true,"href":"https:\/\/radiostavanger.no\/index.php?rest_route=%2Fwp%2Fv2%2Fcomments&post=20471"}],"version-history":[{"count":0,"href":"https:\/\/radiostavanger.no\/index.php?rest_route=\/wp\/v2\/posts\/20471\/revisions"}],"wp:featuredmedia":[{"embeddable":true,"href":"https:\/\/radiostavanger.no\/index.php?rest_route=\/wp\/v2\/media\/20472"}],"wp:attachment":[{"href":"https:\/\/radiostavanger.no\/index.php?rest_route=%2Fwp%2Fv2%2Fmedia&parent=20471"}],"wp:term":[{"taxonomy":"category","embeddable":true,"href":"https:\/\/radiostavanger.no\/index.php?rest_route=%2Fwp%2Fv2%2Fcategories&post=20471"},{"taxonomy":"post_tag","embeddable":true,"href":"https:\/\/radiostavanger.no\/index.php?rest_route=%2Fwp%2Fv2%2Ftags&post=20471"},{"taxonomy":"tmauthors","embeddable":true,"href":"https:\/\/radiostavanger.no\/index.php?rest_route=%2Fwp%2Fv2%2Ftmauthors&post=20471"}],"curies":[{"name":"wp","href":"https:\/\/api.w.org\/{rel}","templated":true}]}}