{"id":20481,"date":"2026-09-02T15:13:54","date_gmt":"2026-09-02T15:13:54","guid":{"rendered":"https:\/\/radiostavanger.no\/?p=20481"},"modified":"2026-09-02T15:13:54","modified_gmt":"2026-09-02T15:13:54","slug":"hallgeir-langeland-hyllar-kong-harald-pa-pub-nrk-rogaland-lokale-nyheter-tv-og-radio","status":"publish","type":"post","link":"https:\/\/radiostavanger.no\/?p=20481","title":{"rendered":"Hallgeir Langeland hyllar kong Harald p\u00e5 pub \u2013 NRK Rogaland \u2013 Lokale nyheter, TV og radio"},"content":{"rendered":"<p><br \/>\n<\/p>\n<div data-main-content=\"\" data-ec-list=\"article_body\" data-ec-name=\"br\u00f8dtekst\">\n<p>\u2013 Eg synest kong Harald var ein fantastisk god konge, ogs\u00e5 for oss republikanarar.<\/p>\n<p>Den tidlege SV-profilen Hallgeir Langeland sit med \u00f8lglaset i handa p\u00e5 Alexander pub, ei brun bule midt i Stavanger sentrum.<\/p>\n<p>For det er ikkje berre i norske kyrkjer at kong Harald blir minna og hylla om dagen.<\/p>\n<p>Men det spesielle med den tidlegare SV-profilen fr\u00e5 Rogaland er at han er imot kongehuset av prinsipp.<\/p>\n<div id=\"1.18010322.1b595ec8\" class=\"g100 col fc s10 sl12 sl18 sg6 sg9 image-reference image-reference--F169\"><!-- include: \/serum\/render?id=1.18010322&size=10&perspective=RICH&alignment=CENTER&caption=%E2%80%93+Han+inkluderte+alle%2C+seier+Langeland+om+kong+Harald+V.+&type=image&aspect=F169&parentSize=10 --><!-- START: \/templates\/image\/image-rich.jsp --><\/p>\n<figure class=\"image widget rich\">\n<div class=\"responsive-img F169\"><img decoding=\"async\" sizes=\"(min-width:1180px) 639px, (min-width:720px) 56vw, 100vw\" srcset=\"https:\/\/gfx.nrk.no\/8pOvYXNZLgXx0gBQMeRTfQsua0RIl6uQ3xpsl8JNE2TA.jpg 80w, https:\/\/gfx.nrk.no\/8pOvYXNZLgXx0gBQMeRTfQZsCV-Nfq8Trxpsl8JNE2TA.jpg 160w, https:\/\/gfx.nrk.no\/8pOvYXNZLgXx0gBQMeRTfQNkxsZs1_hN7xpsl8JNE2TA.jpg 350w, https:\/\/gfx.nrk.no\/8pOvYXNZLgXx0gBQMeRTfQkbcHpZIxpSzxpsl8JNE2TA.jpg 450w, https:\/\/gfx.nrk.no\/8pOvYXNZLgXx0gBQMeRTfQSO4aqMFYZmjxpsl8JNE2TA.jpg 650w, https:\/\/gfx.nrk.no\/8pOvYXNZLgXx0gBQMeRTfQSw85aDjE7ijxpsl8JNE2TA.jpg 1000w, https:\/\/gfx.nrk.no\/8pOvYXNZLgXx0gBQMeRTfQDL842NNbFMzxpsl8JNE2TA.jpg 1200w, https:\/\/gfx.nrk.no\/8pOvYXNZLgXx0gBQMeRTfQ8P_E3pi0SYjxpsl8JNE2TA.jpg 1600w, https:\/\/gfx.nrk.no\/8pOvYXNZLgXx0gBQMeRTfQv4uZ_nhMCRXxpsl8JNE2TA.jpg 2000w\" src=\"data:image\/gif;base64,R0lGODlhAQABAIAAAAAAAP\/\/\/yH5BAEAAAAALAAAAAABAAEAAAIBRAA7\" loading=\"eager\" alt=\"en mann som drikker en \u00f8l (Bildebeskrivelsen er laget av en KI-tjeneste)\" title=\"Foto: Ole Andreas B\u00f8, \/ NRK\"\/><\/div><figcaption>\n<p class=\"\">\u2013 Han inkluderte alle, seier Langeland om kong Harald V. <\/p>\n<p><small>Foto: Ole Andreas B\u00f8, \/ NRK<\/small><br \/>\n<\/figcaption><\/figure>\n<p><!-- END: \/templates\/image\/image-rich.jsp -->\n<\/div>\n<p><strong>Fire gonger, mellom 1997 og 2013, stemte han for \u00e5 avvikla monarkiet.<\/strong><\/p>\n<p>\u2013 Du skal ikkje arva ei stilling. Du skal bli valt til ei stilling.<\/p>\n<p>Men SV-veteranen er full av lovord om v\u00e5r avd\u00f8de konge. Han har alltid likt kong Harald godt.<\/p>\n<p>Han trekker spesielt fram talen fr\u00e5 hagefesten i Slottsparken i 2016 \u2013 som gjekk verda rundt.<\/p>\n<p>\u2013 Han inkluderte alle, og sa at Noreg det er \u00abvi\u00bb. Det var ein fantastisk tale.<\/p>\n<h2>Var ein folkekj\u00e6r konge<\/h2>\n<p>Kong Harald V var ein folkekj\u00e6r konge, ogs\u00e5 blant republikanarar, skriv Klassekampen.<\/p>\n<p>Avisa har stilt sp\u00f8rsm\u00e5let: <em>Kvifor har kongen vore s\u00e5 popul\u00e6r blant republikanarar og venstreradikale?<\/em><\/p>\n<p>For kong Haralds d\u00f8d har ogs\u00e5 prega republikanarar. Sj\u00f8lv organisasjonar som jobbar aktivt for \u00e5 avskaffa monarkiet held no igjen.<\/p>\n<p>Leiar Craig Aaen-Stockdale, som er leiar i foreininga \u00abNoreg som republikk\u00bb, understrekar at dei ikkje \u00f8nsker ein prinsippdebatt n\u00e5 i respekt for dei s\u00f8rgande.<\/p>\n<p><!-- \/\/ Reference Autonomous --><\/p>\n<p>Han viser til ei pressemelding foreininga har sendt ut.<\/p>\n<p><strong>\u2013 Noreg som republikk jobbar for \u00e5 avvikle monarkiet, men dette dreier seg om prinsipp og ikkje personar. Ein prinsippdebatt vi l\u00e8t ligge i ein periode av respekt for dei s\u00f8rgjande, heiter det i pressemeldinga. <\/strong><\/p>\n<p>Men foreininga, som vil ha slutt p\u00e5 at kongetitlar g\u00e5r i arv, har ikkje den store medvinden om dagen.<\/p>\n<p>Ei fersk NRK unders\u00f8king viser at sju av ti vil behalde monarkiet. Dette er ei oppgang fr\u00e5 sist m\u00e5ling.<\/p>\n<p><!-- \/\/ Reference Autonomous --><\/p>\n<h2>Var vanskeleg \u00e5 mislike<\/h2>\n<p><span>\u2013 Kong Harald, han var det s\u00e5 veldig, veldig vanskeleg \u00e5 mislike, seier forfattar og vaklande republikanar Tore Renberg.<\/span><\/p>\n<p>Renberg vedg\u00e5r at det har vore utfordrande \u00e5 halde p\u00e5 prinsippa fr\u00e5 ungdommen i m\u00f8te med kong Harald.<\/p>\n<p>Forfattaren meiner det handlar om det utr\u00f8yttelege n\u00e6rv\u00e6ret kongeparet hadde blant folk.<\/p>\n<p>\u2013 Denne kongen v\u00e5r har vandra fr\u00e5 gard til gard, med staven sin og kona si ved sida av, og har sett folk rett i auga, med denne uthalda. Han har sett ut som han elskar \u00e5 g\u00e5 p\u00e5 jobb.<\/p>\n<div id=\"1.18010861.7e4143a2\" class=\"g100 col fc s10 sl12 sl18 sg6 sg9 image-reference image-reference--F169\"><!-- include: \/serum\/render?id=1.18010861&size=10&perspective=RICH&alignment=CENTER&caption=Forfattar+Tore+Renberg+var+republikanar+i+ungdommen%2C+men+seier+det+har+vore+vanskeleg+%C3%A5+vere+mot+monarkiet+under+kong+Harald+si+tid.+&type=image&aspect=F169&parentSize=10 --><!-- START: \/templates\/image\/image-rich.jsp --><\/p>\n<figure class=\"image widget rich\">\n<div class=\"responsive-img F169\"><img decoding=\"async\" sizes=\"(min-width:1180px) 639px, (min-width:720px) 56vw, 100vw\" srcset=\"https:\/\/gfx.nrk.no\/3O9GscHE7u13Ma-v8B-xDQWXr1BaZLp7VQauHiFzpFSw.jpg 80w, https:\/\/gfx.nrk.no\/3O9GscHE7u13Ma-v8B-xDQm62lHo-y3xZQauHiFzpFSw.jpg 160w, https:\/\/gfx.nrk.no\/3O9GscHE7u13Ma-v8B-xDQRXO9huo32TJQauHiFzpFSw.jpg 350w, https:\/\/gfx.nrk.no\/3O9GscHE7u13Ma-v8B-xDQAOwnc5jf-G9QauHiFzpFSw.jpg 450w, https:\/\/gfx.nrk.no\/3O9GscHE7u13Ma-v8B-xDQpe3APh_3pN9QauHiFzpFSw.jpg 650w, https:\/\/gfx.nrk.no\/3O9GscHE7u13Ma-v8B-xDQDl9hNAlfZyNQauHiFzpFSw.jpg 1000w, https:\/\/gfx.nrk.no\/3O9GscHE7u13Ma-v8B-xDQkEaFvGLeAbdQauHiFzpFSw.jpg 1200w, https:\/\/gfx.nrk.no\/3O9GscHE7u13Ma-v8B-xDQgHn_y6frbTBQauHiFzpFSw.jpg 1600w, https:\/\/gfx.nrk.no\/3O9GscHE7u13Ma-v8B-xDQ4PQvCDnoCYRQauHiFzpFSw.jpg 2000w\" src=\"data:image\/gif;base64,R0lGODlhAQABAIAAAAAAAP\/\/\/yH5BAEAAAAALAAAAAABAAEAAAIBRAA7\" loading=\"eager\" alt=\"Tore Renberg\" title=\"Foto: Petter Sandell\"\/><\/div><figcaption>\n<p class=\"\">Forfattar Tore Renberg var republikanar i ungdommen, men seier det har vore vanskeleg \u00e5 vere mot monarkiet under kong Harald si tid. <\/p>\n<p><small>Foto: Petter Sandell<\/small><br \/>\n<\/figcaption><\/figure>\n<p><!-- END: \/templates\/image\/image-rich.jsp -->\n<\/div>\n<p>\u2013 Den maktkritikken meg og mange andre m\u00e5lbar som unge studentar har det vore vanskeleg \u00e5 st\u00e5 i, seier Renberg og held fram:<\/p>\n<p>\u2013 Fordi kongen v\u00e5r har sj\u00f8lv sett dette til side og sagt: Mi type makt er ikkje slik. Mi type makt som konge, den er ikkje herfr\u00e5 og ned. Eg snakkar med dykk. Eg er ein av dykk.<\/p>\n<h2>Gjorde Noreg st\u00f8rre<\/h2>\n<p>Kjell Terje Ringdal, som er f\u00f8rstelektor ved Institutt for kommunikasjon ved H\u00f8gskulen Kristiania, peiker p\u00e5 at det st\u00f8rste avtrykket til kongehuset ligg i nettopp evna til \u00e5 samle.<\/p>\n<div id=\"1.18010978.b11001bd\" class=\"g100 col fln s10 sl12 sl18 sg6 sg9 remoterenderedcontent-reference\"><!-- include: \/serum\/render?id=1.18010978&size=10&perspective=RICH&alignment=AUTO&parentSize=10 -->\n    <link rel=\"stylesheet\" type=\"text\/css\" href=\"https:\/\/static.dh.nrk.no\/modul\/persongalleri\/main-52d876a221be41ed8827.css\"\/><!-- prettier-ignore-attribute --><dh-persongalleri-v1 data-name=\"dh-persongalleri\"><\/p>\n<section class=\"dhpg__app dhpg__light\">\n<div class=\"dhpg__gallery\">\n<div class=\"undefined\">\n<ul class=\"dhpg__gallery__list\">\n<li class=\"dhpg__gallery__listItem\">\n<div class=\"dhpg__person\">\n<figure class=\"dhpg__person__figure\" data-name=\"Kjell Terje Ringdal\"><picture><source type=\"image\/webp\" srcset=\"https:\/\/gfx.nrk.no\/zvAxz5LRkSSTwsnCetv2uQ8Er0yHMgUyPl5Kz9tUl05Q.webp 450w,https:\/\/gfx.nrk.no\/zvAxz5LRkSSTwsnCetv2uQob8gDWRnyvvl5Kz9tUl05Q.webp 768w,https:\/\/gfx.nrk.no\/zvAxz5LRkSSTwsnCetv2uQ-1mRBgt8lBbl5Kz9tUl05Q.webp 1080w,https:\/\/gfx.nrk.no\/zvAxz5LRkSSTwsnCetv2uQ8ecu8_d880bl5Kz9tUl05Q.webp 1280w,https:\/\/gfx.nrk.no\/zvAxz5LRkSSTwsnCetv2uQlS4Y6y0KCdnl5Kz9tUl05Q.webp 1600w,https:\/\/gfx.nrk.no\/zvAxz5LRkSSTwsnCetv2uQf4actaVvHkTl5Kz9tUl05Q.webp 2400w\" sizes=\"(min-width: 540px) 320px, 100vw\"\/><source type=\"image\/jpeg\" srcset=\"https:\/\/gfx.nrk.no\/zvAxz5LRkSSTwsnCetv2uQ5VfWTSjijfVRKlpXI6c4iQ.jpg 450w,https:\/\/gfx.nrk.no\/zvAxz5LRkSSTwsnCetv2uQ4z4vKKhTJq1RKlpXI6c4iQ.jpg 768w,https:\/\/gfx.nrk.no\/zvAxz5LRkSSTwsnCetv2uQVTEGESCyXYZRKlpXI6c4iQ.jpg 1080w,https:\/\/gfx.nrk.no\/zvAxz5LRkSSTwsnCetv2uQ19cXm0ifyVVRKlpXI6c4iQ.jpg 1280w,https:\/\/gfx.nrk.no\/zvAxz5LRkSSTwsnCetv2uQsr9oJITgeylRKlpXI6c4iQ.jpg 1600w,https:\/\/gfx.nrk.no\/zvAxz5LRkSSTwsnCetv2uQx9NeiU8xsvhRKlpXI6c4iQ.jpg 2400w\" sizes=\"(min-width: 540px) 320px, 100vw\"\/><img loading=\"lazy\" alt=\"Kjell Terje Ringdal\" sizes=\"auto, (min-width: 540px) 320px, 100vw\" width=\"2400\" height=\"2400\" loading=\"lazy\"\/><\/picture><\/figure>\n<h4 class=\"dhpg__person__name\">Kjell Terje Ringdal<\/h4>\n<div class=\"dhpg__person__textwrapper\">\n<div class=\"dhpg__person__bio\">\n<ul>\n<li><strong>\u00a0F\u00f8rstelektor i retorikk ved H\u00f8yskolen Kristiania\u00a0<\/strong><\/li>\n<\/ul>\n<\/div>\n<\/div>\n<\/div>\n<\/li>\n<\/ul>\n<\/div>\n<\/div>\n<\/section>\n<p><\/dh-persongalleri-v1>\n  <\/div>\n<p>\u2013 Det kong Harald gjorde, og som kong Haakon sannsynlegvis kjem til \u00e5 halde fram med, er at han alts\u00e5 har gjort Noreg st\u00f8rre utan \u00e5 flytte ei grense.<\/p>\n<p>\u2013 Rett og slett ved \u00e5 inkludere fleire og ha st\u00f8rre grad av toleranse b\u00e5de for dei skeive, for barn, unge og dei som elles kunne seiast \u00e5 vere utanfor. Det er jo ein god funksjon \u00e5 ha n\u00e5r ein er konge.<\/p>\n<h2>Fekk kjeft fr\u00e5 stortingspresidenten<\/h2>\n<p>For Langeland var det meir enn berre talane som gjorde at han likte kong Harald. Han har ogs\u00e5 ei meir personleg erfaring.<\/p>\n<p>P\u00e5 ein kongemiddag fleire \u00e5r tilbake gjorde den tidlegare SV-politikaren ein tabbe han ikkje visste om.<\/p>\n<p>\u2013 Eg blei sittande ganske n\u00e6re dronning Sonja og kong Harald, og kunne liksom vinka bort til dei. Etter tre-fire rettar tenkte eg: \u00abN\u00e5 tar eg ein r\u00f8yk\u00bb.<\/p>\n<p><strong>Langeland tok ikkje berre ein r\u00f8yk, men to.<\/strong><\/p>\n<div id=\"1.17563512.b12c30bf\" class=\"g100 col fc s10 sl12 sl18 sg6 sg9 image-reference image-reference--F169\"><!-- include: \/serum\/render?id=1.17563512&size=10&perspective=RICH&alignment=CENTER&caption=Middagen+til+kongeparet+for+stortingsrepresentantane+i+2024.+Dette+er+eit+anna+arrangement+enn+det+Langeland+omtalar.&type=image&aspect=F169&parentSize=10 --><!-- START: \/templates\/image\/image-rich.jsp --><\/p>\n<figure class=\"image widget rich\">\n<div class=\"responsive-img F169\"><img decoding=\"async\" sizes=\"(min-width:1180px) 639px, (min-width:720px) 56vw, 100vw\" srcset=\"https:\/\/gfx.nrk.no\/PF32nrupPmmcH1FX8B59dAIsOZCFdtAZrtX5YvzM9V7A.jpg 80w, https:\/\/gfx.nrk.no\/PF32nrupPmmcH1FX8B59dA_EyiH6B02i3tX5YvzM9V7A.jpg 160w, https:\/\/gfx.nrk.no\/PF32nrupPmmcH1FX8B59dAWHwyubHEgyvtX5YvzM9V7A.jpg 350w, https:\/\/gfx.nrk.no\/PF32nrupPmmcH1FX8B59dAlxUe6M0h-0btX5YvzM9V7A.jpg 450w, https:\/\/gfx.nrk.no\/PF32nrupPmmcH1FX8B59dA8tt351-XFGftX5YvzM9V7A.jpg 650w, https:\/\/gfx.nrk.no\/PF32nrupPmmcH1FX8B59dAwm9CmF5Ube7tX5YvzM9V7A.jpg 1000w, https:\/\/gfx.nrk.no\/PF32nrupPmmcH1FX8B59dAi4SH5WPHtjvtX5YvzM9V7A.jpg 1200w, https:\/\/gfx.nrk.no\/PF32nrupPmmcH1FX8B59dA6s2DSRndCKLtX5YvzM9V7A.jpg 1600w, https:\/\/gfx.nrk.no\/PF32nrupPmmcH1FX8B59dAXYAX-KMIB5_tX5YvzM9V7A.jpg 2000w\" src=\"data:image\/gif;base64,R0lGODlhAQABAIAAAAAAAP\/\/\/yH5BAEAAAAALAAAAAABAAEAAAIBRAA7\" loading=\"eager\" alt=\"Kongeparet holder middag for stortingsrepresentantene\" title=\"Foto: NTB\"\/><\/div><figcaption>\n<p class=\"\">Middagen til kongeparet for stortingsrepresentantane i 2024. Dette er eit anna arrangement enn det Langeland omtalar.<\/p>\n<p><small>Foto: NTB<\/small><br \/>\n<\/figcaption><\/figure>\n<p><!-- END: \/templates\/image\/image-rich.jsp -->\n<\/div>\n<p>\u2013 D\u00e5 middagen var slutt kom stortingspresidenten springande og skjelte meg ut: \u00abIngen har reist seg f\u00f8r kongen p\u00e5 100 \u00e5r\u00bb. Eg m\u00e5tte berre seia at eg ikkje var klar over reglane.<\/p>\n<p>\u2013 S\u00e5 ser eg at det kjem masse folk bort til meg, mellom anna kongen og dronninga. Kongen tar meg i handa og seier: Langeland, vi trudde du var sjuk, men du var berre r\u00f8yksjuk.<\/p>\n<p>\u2013 S\u00e5 han redda p\u00e5 ein m\u00e5te dagen for meg.<\/p>\n<p><!-- include: \/serum\/render?id=1.16930046&size=18&perspective=RICH&alignment=AUTO --><!-- START: \/templates\/section\/section.jsp --><\/p>\n<p><!-- END: \/templates\/section\/section.jsp -->\n<\/div>\n<p>\n<span class=\"article-publish-date publish-date \"><br \/>\n<span class=\"article-dateline-annotation\">Publisert<\/span><br \/>\n<time class=\"datetime-absolute datePublished\" datetime=\"2026-09-02T16:58:28+02:00\"><br \/>\n02.09.2026, kl. 16.58<br \/>\n<\/time><br \/>\n<\/span>\n<\/p>\n<p><br \/>\n<br \/><a href=\"https:\/\/www.nrk.no\/rogaland\/darlege-tider-for-norske-republikanarar_-hallgeir-langeland-hyllar-kong-harald-pa-pub-1.18010290\">Kildelink <\/a><\/p>","protected":false},"excerpt":{"rendered":"<p>\u2013 Eg synest kong Harald var ein fantastisk god konge, ogs\u00e5 for oss republikanarar. Den tidlege SV-profilen Hallgeir Langeland sit med \u00f8lglaset i handa p\u00e5 Alexander pub, ei brun bule midt i Stavanger sentrum. For det er ikkje berre i norske kyrkjer at kong Harald blir minna og hylla om dagen. Men det spesielle med [&hellip;]<\/p>","protected":false},"author":1,"featured_media":20482,"comment_status":"","ping_status":"","sticky":false,"template":"","format":"standard","meta":{"footnotes":""},"categories":[108],"tags":[],"tmauthors":[],"class_list":["post-20481","post","type-post","status-publish","format-standard","has-post-thumbnail","category-lokalnyheter"],"_links":{"self":[{"href":"https:\/\/radiostavanger.no\/index.php?rest_route=\/wp\/v2\/posts\/20481","targetHints":{"allow":["GET"]}}],"collection":[{"href":"https:\/\/radiostavanger.no\/index.php?rest_route=\/wp\/v2\/posts"}],"about":[{"href":"https:\/\/radiostavanger.no\/index.php?rest_route=\/wp\/v2\/types\/post"}],"author":[{"embeddable":true,"href":"https:\/\/radiostavanger.no\/index.php?rest_route=\/wp\/v2\/users\/1"}],"replies":[{"embeddable":true,"href":"https:\/\/radiostavanger.no\/index.php?rest_route=%2Fwp%2Fv2%2Fcomments&post=20481"}],"version-history":[{"count":0,"href":"https:\/\/radiostavanger.no\/index.php?rest_route=\/wp\/v2\/posts\/20481\/revisions"}],"wp:featuredmedia":[{"embeddable":true,"href":"https:\/\/radiostavanger.no\/index.php?rest_route=\/wp\/v2\/media\/20482"}],"wp:attachment":[{"href":"https:\/\/radiostavanger.no\/index.php?rest_route=%2Fwp%2Fv2%2Fmedia&parent=20481"}],"wp:term":[{"taxonomy":"category","embeddable":true,"href":"https:\/\/radiostavanger.no\/index.php?rest_route=%2Fwp%2Fv2%2Fcategories&post=20481"},{"taxonomy":"post_tag","embeddable":true,"href":"https:\/\/radiostavanger.no\/index.php?rest_route=%2Fwp%2Fv2%2Ftags&post=20481"},{"taxonomy":"tmauthors","embeddable":true,"href":"https:\/\/radiostavanger.no\/index.php?rest_route=%2Fwp%2Fv2%2Ftmauthors&post=20481"}],"curies":[{"name":"wp","href":"https:\/\/api.w.org\/{rel}","templated":true}]}}