{"id":20493,"date":"2026-09-02T16:24:18","date_gmt":"2026-09-02T16:24:18","guid":{"rendered":"https:\/\/radiostavanger.no\/?p=20493"},"modified":"2026-09-02T16:24:18","modified_gmt":"2026-09-02T16:24:18","slug":"vi-trekker-oss-ikke-tilbake-radio-stavanger","status":"publish","type":"post","link":"https:\/\/radiostavanger.no\/?p=20493","title":{"rendered":"\u2013 Vi trekker oss ikke tilbake \u2013 Radio Stavanger"},"content":{"rendered":"<p><br \/>\n<\/p>\n<div id=\"mvp-content-main\">\n<p class=\"radioh-ingress\"><strong>Israels statsminister Benjamin Netanyahu sier han nekter \u00e5 trekke tropper tilbake p\u00e5 Gazastripen. Onsdag bes\u00f8kte han den israelsk-okkuperte delen av det krigsherjede omr\u00e5det.<\/strong>\n<\/p>\n<p><strong>Utenriks<\/strong>: Netanyahu avviser en Gaza-retrett til tross for \u00f8kt press fra meklerland som vil ha gjennomf\u00f8rt den USA-st\u00f8ttede planen for en v\u00e5penhvile. Planen krever israelsk tilbaketrekning i Gaza.\n<\/p>\n<p>\u2013 Vi kontrollerer omr\u00e5det. Vi trekker oss ikke tilbake, sa Netanyahu under det som var hans f\u00f8rste bes\u00f8k i det utbombede omr\u00e5det siden v\u00e5penhvilen mellom Israel og Hamas tr\u00e5dte i kraft i oktober i fjor.\n<\/p>\n<p>\u2013 Vi kontrollerer 60 prosent av stripen, og vi stopper ikke f\u00f8r vi eliminerer terroristene som truer oss, skal han ha sagt.\n<\/p>\n<h2>Nekter \u00e5 etterkomme retrett-krav<\/h2>\n<p>\nEn forutsetning for neste steg i fredsplanen er at Israel trekker seg ut av Gaza, men Israel har fortsatt sine n\u00e6rmest daglige angrep p\u00e5 befolkningen p\u00e5 Gaza. Samtidig har israelske soldater rykket lenger inn i omr\u00e5det, slik at de rundt 2 millioner palestinske innbyggerne blir trengt sammen p\u00e5 stadig mindre plass.<\/p>\n<p>Siden v\u00e5penhvilen ble inng\u00e5tt, har israelske angrep drept minst 1334 mennesker, if\u00f8lge helsemyndighetene p\u00e5 Gaza. Tallene st\u00f8ttes av FN. Den israelske h\u00e6ren har rapportert om fem d\u00f8dsfall i egne rekker i samme periode, samt \u00e9n sivil.\n<\/p>\n<h2>Planlegger fordrivelse<\/h2>\n<p>\nIsraels forsvarsminister sa onsdag at landet hadde planer om \u00e5 fjerne alle palestinere fra Gazastripen, men ventet p\u00e5 at USA skulle finne ut hvor de skulle sendes.\n<\/p>\n<p>\u2013 Det finnes ingen reell l\u00f8sning for Gaza til syvende og sist uten denne migrasjonen, sa Israel Katz p\u00e5 en konferanse arrangert av det israelske nettstedet Ynet og avisen Yedioth Ahronoth.\n<\/p>\n<p>Den israelske regjeringen \u00aber organisert og klar til \u00e5 f\u00e5 dem ut \u2013 til sj\u00f8s, med fly, p\u00e5 alle mulige m\u00e5ter\u00bb, sa han.\n<\/p>\n<p>Tvungen fordrivelse av sivile i okkupert territorium regnes som en krigsforbrytelse i henhold til Gen\u00e8vekonvensjonene.<\/p>\n<p>(\u00a9NTB)\n<\/p>\n<\/p><\/div>\n<p><script async defer crossorigin=\"anonymous\" data-lazy=\"w3tc\" data-src=\"https:\/\/connect.facebook.net\/nb_NO\/sdk.js#xfbml=1&#038;version=v18.0\"><\/script><br \/>\n<br \/><br \/>\n<br \/><a href=\"https:\/\/radioh.no\/netanyahu-pa-besok-i-gaza-vi-trekker-oss-ikke-tilbake\/\">Kilde <\/a><\/p>","protected":false},"excerpt":{"rendered":"<p>Israels statsminister Benjamin Netanyahu sier han nekter \u00e5 trekke tropper tilbake p\u00e5 Gazastripen. Onsdag bes\u00f8kte han den israelsk-okkuperte delen av det krigsherjede omr\u00e5det. Utenriks: Netanyahu avviser en Gaza-retrett til tross for \u00f8kt press fra meklerland som vil ha gjennomf\u00f8rt den USA-st\u00f8ttede planen for en v\u00e5penhvile. Planen krever israelsk tilbaketrekning i Gaza. \u2013 Vi kontrollerer omr\u00e5det. [&hellip;]<\/p>","protected":false},"author":1,"featured_media":20494,"comment_status":"","ping_status":"","sticky":false,"template":"","format":"standard","meta":{"footnotes":""},"categories":[107],"tags":[],"tmauthors":[],"class_list":["post-20493","post","type-post","status-publish","format-standard","has-post-thumbnail","category-nyheter"],"_links":{"self":[{"href":"https:\/\/radiostavanger.no\/index.php?rest_route=\/wp\/v2\/posts\/20493","targetHints":{"allow":["GET"]}}],"collection":[{"href":"https:\/\/radiostavanger.no\/index.php?rest_route=\/wp\/v2\/posts"}],"about":[{"href":"https:\/\/radiostavanger.no\/index.php?rest_route=\/wp\/v2\/types\/post"}],"author":[{"embeddable":true,"href":"https:\/\/radiostavanger.no\/index.php?rest_route=\/wp\/v2\/users\/1"}],"replies":[{"embeddable":true,"href":"https:\/\/radiostavanger.no\/index.php?rest_route=%2Fwp%2Fv2%2Fcomments&post=20493"}],"version-history":[{"count":0,"href":"https:\/\/radiostavanger.no\/index.php?rest_route=\/wp\/v2\/posts\/20493\/revisions"}],"wp:featuredmedia":[{"embeddable":true,"href":"https:\/\/radiostavanger.no\/index.php?rest_route=\/wp\/v2\/media\/20494"}],"wp:attachment":[{"href":"https:\/\/radiostavanger.no\/index.php?rest_route=%2Fwp%2Fv2%2Fmedia&parent=20493"}],"wp:term":[{"taxonomy":"category","embeddable":true,"href":"https:\/\/radiostavanger.no\/index.php?rest_route=%2Fwp%2Fv2%2Fcategories&post=20493"},{"taxonomy":"post_tag","embeddable":true,"href":"https:\/\/radiostavanger.no\/index.php?rest_route=%2Fwp%2Fv2%2Ftags&post=20493"},{"taxonomy":"tmauthors","embeddable":true,"href":"https:\/\/radiostavanger.no\/index.php?rest_route=%2Fwp%2Fv2%2Ftmauthors&post=20493"}],"curies":[{"name":"wp","href":"https:\/\/api.w.org\/{rel}","templated":true}]}}