{"id":20499,"date":"2026-09-02T16:48:16","date_gmt":"2026-09-02T16:48:16","guid":{"rendered":"https:\/\/radiostavanger.no\/?p=20499"},"modified":"2026-09-02T16:48:16","modified_gmt":"2026-09-02T16:48:16","slug":"studentene-vil-vaere-involvert-i-oppdrag-radio-stavanger","status":"publish","type":"post","link":"https:\/\/radiostavanger.no\/?p=20499","title":{"rendered":"\u2013 Studentene vil v\u00e6re involvert i oppdrag \u2013 Radio Stavanger"},"content":{"rendered":"<p><br \/>\n<\/p>\n<div id=\"mvp-content-main\">\n<p class=\"radioh-ingress\"><strong>Flere universiteter i Oslo avlyser aktivitet i forbindelse med kong Haralds gravferd onsdag 9. september.<\/strong>\n<\/p>\n<p><strong>Innenriks<\/strong>: OsloMet avlyser organiserte aktiviteter som undervisning, arrangementer og m\u00f8ter i tidsrommet fra kl. 12.30 til kl. 15, skriver universitetet p\u00e5 sine sider.\n<\/p>\n<p>\u2013 Unntaket fra dette er undervisningsaktiviteter som er strengt n\u00f8dvendig \u00e5 gjennomf\u00f8re. Gjennomf\u00f8ring av slike aktiviteter skal godkjennes av rektoratet.\n<\/p>\n<h2>Avlyst undervisning<\/h2>\n<p>\nUniversitetet i Oslo vil gj\u00f8re det samme.\n<\/p>\n<p>Dette opplyser pressekontakt p\u00e5 UiO, Camilla Chausse, i en mail til NTB.<\/p>\n<p>\u2013 UiO legger til rette for at ansatte og studenter kan f\u00f8lge gravferdsseremonien for kong Harald V onsdag 9. september. Undervisning blir derfor i all hovedsak avlyst fra klokka 12, skriver hun.\n<\/p>\n<p>Seremonien starter klokka 13 i Oslo domkirke og innledes med ett minutts stillhet over hele landet. I forkant av dette vil det v\u00e6re prosesjon fra Slottet til Oslo domkirke, og etter seremonien blir det prosesjon til Akershus festning.\n<\/p>\n<h2>Studenter involvert i oppdraget<\/h2>\n<p>\nFlere studiesamlinger ved Politih\u00f8gskolen (PHS) i uke 36 og 37 er utsatt, melder Universitas og viser til Politiforum.\n<\/p>\n<p>\u2013 Flere av studentene ved v\u00e5re etter- og videreutdanninger vil v\u00e6re involvert i ulike oppdrag i forbindelse med kong Haralds bortgang, sier Toril Bertheussen, seksjonsleder ved studieadministrasjonen ved PHS, til Politiforum.\n<\/p>\n<p>(\u00a9NTB)<\/p>\n<\/p><\/div>\n<p><script async defer crossorigin=\"anonymous\" data-lazy=\"w3tc\" data-src=\"https:\/\/connect.facebook.net\/nb_NO\/sdk.js#xfbml=1&#038;version=v18.0\"><\/script><br \/>\n<br \/><br \/>\n<br \/><a href=\"https:\/\/radioh.no\/oslo-universiteter-avlyser-aktivitet-under-gravferden-studentene-vil-vaere-involvert-i-oppdrag\/\">Kilde <\/a><\/p>","protected":false},"excerpt":{"rendered":"<p>Flere universiteter i Oslo avlyser aktivitet i forbindelse med kong Haralds gravferd onsdag 9. september. Innenriks: OsloMet avlyser organiserte aktiviteter som undervisning, arrangementer og m\u00f8ter i tidsrommet fra kl. 12.30 til kl. 15, skriver universitetet p\u00e5 sine sider. \u2013 Unntaket fra dette er undervisningsaktiviteter som er strengt n\u00f8dvendig \u00e5 gjennomf\u00f8re. Gjennomf\u00f8ring av slike aktiviteter skal [&hellip;]<\/p>","protected":false},"author":1,"featured_media":20500,"comment_status":"","ping_status":"","sticky":false,"template":"","format":"standard","meta":{"footnotes":""},"categories":[107],"tags":[],"tmauthors":[],"class_list":["post-20499","post","type-post","status-publish","format-standard","has-post-thumbnail","category-nyheter"],"_links":{"self":[{"href":"https:\/\/radiostavanger.no\/index.php?rest_route=\/wp\/v2\/posts\/20499","targetHints":{"allow":["GET"]}}],"collection":[{"href":"https:\/\/radiostavanger.no\/index.php?rest_route=\/wp\/v2\/posts"}],"about":[{"href":"https:\/\/radiostavanger.no\/index.php?rest_route=\/wp\/v2\/types\/post"}],"author":[{"embeddable":true,"href":"https:\/\/radiostavanger.no\/index.php?rest_route=\/wp\/v2\/users\/1"}],"replies":[{"embeddable":true,"href":"https:\/\/radiostavanger.no\/index.php?rest_route=%2Fwp%2Fv2%2Fcomments&post=20499"}],"version-history":[{"count":0,"href":"https:\/\/radiostavanger.no\/index.php?rest_route=\/wp\/v2\/posts\/20499\/revisions"}],"wp:featuredmedia":[{"embeddable":true,"href":"https:\/\/radiostavanger.no\/index.php?rest_route=\/wp\/v2\/media\/20500"}],"wp:attachment":[{"href":"https:\/\/radiostavanger.no\/index.php?rest_route=%2Fwp%2Fv2%2Fmedia&parent=20499"}],"wp:term":[{"taxonomy":"category","embeddable":true,"href":"https:\/\/radiostavanger.no\/index.php?rest_route=%2Fwp%2Fv2%2Fcategories&post=20499"},{"taxonomy":"post_tag","embeddable":true,"href":"https:\/\/radiostavanger.no\/index.php?rest_route=%2Fwp%2Fv2%2Ftags&post=20499"},{"taxonomy":"tmauthors","embeddable":true,"href":"https:\/\/radiostavanger.no\/index.php?rest_route=%2Fwp%2Fv2%2Ftmauthors&post=20499"}],"curies":[{"name":"wp","href":"https:\/\/api.w.org\/{rel}","templated":true}]}}