{"id":20507,"date":"2026-09-02T17:37:02","date_gmt":"2026-09-02T17:37:02","guid":{"rendered":"https:\/\/radiostavanger.no\/?p=20507"},"modified":"2026-09-02T17:37:02","modified_gmt":"2026-09-02T17:37:02","slug":"wideroe-reduseres-innenriksrutene-fra-bergen-til-haugesund-radio-stavanger","status":"publish","type":"post","link":"https:\/\/radiostavanger.no\/?p=20507","title":{"rendered":"Wider\u00f8e reduseres innenriksrutene fra Bergen til Haugesund \u2013 Radio Stavanger"},"content":{"rendered":"<p><br \/>\n<\/p>\n<div id=\"mvp-content-main\">\n<p class=\"radioh-ingress\"><strong>Wider\u00f8e legger ned fire utenlandsruter fra Bergen og reduserer to andre. I tillegg reduseres to innenriksruter, skriver Bergensavisen. I tillegg reduseres innenriksrutene fra Bergen til Haugesund.<\/strong>\n<\/p>\n<p><strong>Haugesund<\/strong>: \u2013 Rutene til M\u00fcnchen, Hamburg, Brussel og Dublin legges ned etter \u00e5rets sommerprogram, sier Eline Hyggen Skari, pressesjef i Wider\u00f8e, til avisen. Endringen gj\u00f8res for \u00e5 styrke l\u00f8nnsomheten, sier hun.\n<\/p>\n<p><strong>I tillegg reduseres innenriksrutene fra Bergen til Haugesund<\/strong> og Molde, samt utenriksrutene til G\u00f6teborg og Billund.\n<\/p>\n<p>Pressesjefen sier flyselskapet flytter kapasitet fra ruter med svak l\u00f8nnsomhet til ruter hvor ettersp\u00f8rselen og inntjeningen er sterkere.\n<\/p>\n<p>\u2013 Bergen-Trondheim og Bergen-Stavanger styrkes med \u00e9n ny rundtur hver og f\u00e5r dermed ni og elleve daglige rundturer, sier Skari.<\/p>\n<p>(\u00a9NTB)\n<\/p>\n<\/p><\/div>\n<p><script async defer crossorigin=\"anonymous\" data-lazy=\"w3tc\" data-src=\"https:\/\/connect.facebook.net\/nb_NO\/sdk.js#xfbml=1&#038;version=v18.0\"><\/script><br \/>\n<br \/><br \/>\n<br \/><a href=\"https:\/\/radioh.no\/wideroe-legger-ned-flere-ruter\/\">Kilde <\/a><\/p>","protected":false},"excerpt":{"rendered":"<p>Wider\u00f8e legger ned fire utenlandsruter fra Bergen og reduserer to andre. I tillegg reduseres to innenriksruter, skriver Bergensavisen. I tillegg reduseres innenriksrutene fra Bergen til Haugesund. Haugesund: \u2013 Rutene til M\u00fcnchen, Hamburg, Brussel og Dublin legges ned etter \u00e5rets sommerprogram, sier Eline Hyggen Skari, pressesjef i Wider\u00f8e, til avisen. Endringen gj\u00f8res for \u00e5 styrke l\u00f8nnsomheten, [&hellip;]<\/p>","protected":false},"author":1,"featured_media":20508,"comment_status":"","ping_status":"","sticky":false,"template":"","format":"standard","meta":{"footnotes":""},"categories":[107],"tags":[],"tmauthors":[],"class_list":["post-20507","post","type-post","status-publish","format-standard","has-post-thumbnail","category-nyheter"],"_links":{"self":[{"href":"https:\/\/radiostavanger.no\/index.php?rest_route=\/wp\/v2\/posts\/20507","targetHints":{"allow":["GET"]}}],"collection":[{"href":"https:\/\/radiostavanger.no\/index.php?rest_route=\/wp\/v2\/posts"}],"about":[{"href":"https:\/\/radiostavanger.no\/index.php?rest_route=\/wp\/v2\/types\/post"}],"author":[{"embeddable":true,"href":"https:\/\/radiostavanger.no\/index.php?rest_route=\/wp\/v2\/users\/1"}],"replies":[{"embeddable":true,"href":"https:\/\/radiostavanger.no\/index.php?rest_route=%2Fwp%2Fv2%2Fcomments&post=20507"}],"version-history":[{"count":0,"href":"https:\/\/radiostavanger.no\/index.php?rest_route=\/wp\/v2\/posts\/20507\/revisions"}],"wp:featuredmedia":[{"embeddable":true,"href":"https:\/\/radiostavanger.no\/index.php?rest_route=\/wp\/v2\/media\/20508"}],"wp:attachment":[{"href":"https:\/\/radiostavanger.no\/index.php?rest_route=%2Fwp%2Fv2%2Fmedia&parent=20507"}],"wp:term":[{"taxonomy":"category","embeddable":true,"href":"https:\/\/radiostavanger.no\/index.php?rest_route=%2Fwp%2Fv2%2Fcategories&post=20507"},{"taxonomy":"post_tag","embeddable":true,"href":"https:\/\/radiostavanger.no\/index.php?rest_route=%2Fwp%2Fv2%2Ftags&post=20507"},{"taxonomy":"tmauthors","embeddable":true,"href":"https:\/\/radiostavanger.no\/index.php?rest_route=%2Fwp%2Fv2%2Ftmauthors&post=20507"}],"curies":[{"name":"wp","href":"https:\/\/api.w.org\/{rel}","templated":true}]}}