{"id":20515,"date":"2026-09-02T18:02:34","date_gmt":"2026-09-02T18:02:34","guid":{"rendered":"https:\/\/radiostavanger.no\/?p=20515"},"modified":"2026-09-02T18:02:34","modified_gmt":"2026-09-02T18:02:34","slug":"dobbeltdrapsdomt-tilbake-i-norge-etter-fire-ar-radio-stavanger","status":"publish","type":"post","link":"https:\/\/radiostavanger.no\/?p=20515","title":{"rendered":"Dobbeltdrapsd\u00f8mt tilbake i Norge etter fire \u00e5r \u2013 Radio Stavanger"},"content":{"rendered":"<p><br \/>\n<\/p>\n<div id=\"mvp-content-main\">\n<p class=\"radioh-ingress\"><strong>Dobbeltdrapsd\u00f8mte Makaveli Lind\u00e9n er tilbake i Norge for f\u00f8rste gang p\u00e5 fire \u00e5r.<\/strong>\n<\/p>\n<p><strong>Innenriks<\/strong>: Onsdag landet han p\u00e5 Gardermoen, fulgt av belgisk politi. Her ble han p\u00e5grepet av norsk politi, skriver TV 2.\n<\/p>\n<p>Lind\u00e9n ble i Oslo tingrett i 2020 d\u00f8mt til tvungent psykisk helsevern etter drapet p\u00e5 Heikki Bj\u00f8rklund Paltto (23) p\u00e5 Majorstua i Oslo i 2018. Etter dommen skulle han utleveres til Belgia for rettssak og deretter returneres til Norge for behandling. Utleveringen ble imidlertid f\u00f8rst gjennomf\u00f8rt i 2022, og prosessen dro ut i tid.\n<\/p>\n<p>I april i \u00e5r ble han i Belgia d\u00f8mt til livstids fengsel for drapet p\u00e5 58 \u00e5r gamle Johanna Jostameling, som ble drept med 40 knivstikk i sitt eget hjem i byen Mechelen.\n<\/p>\n<p>N\u00e5, n\u00e6rmere et halvt \u00e5r senere, er han tilbake i Norge.<\/p>\n<p>\u2013 Han vil bli begj\u00e6rt fengslet, men vi har intensjon om \u00e5 f\u00e5 ham overf\u00f8rt til psykisk behandling s\u00e5 fort som mulig. Det vil ogs\u00e5 bli oppnevnt nye sakkyndige som skal vurdere ham, f\u00f8r det trolig om et par m\u00e5neder vil bli gjennomf\u00f8rt en ny rettsrunde for \u00e5 avgj\u00f8re om dommen p\u00e5 tvungen psykisk helsevern skal opprettholdes, sier politiadvokat Christian Hatlo til \u00c5sted Norge p\u00e5 TV 2.\n<\/p>\n<p>(\u00a9NTB)\n<\/p>\n<\/p><\/div>\n<p><script async defer crossorigin=\"anonymous\" data-lazy=\"w3tc\" data-src=\"https:\/\/connect.facebook.net\/nb_NO\/sdk.js#xfbml=1&#038;version=v18.0\"><\/script><br \/>\n<br \/><br \/>\n<br \/><a href=\"https:\/\/radioh.no\/dobbeltdrapsdomt-tilbake-i-norge-etter-fire-ar\/\">Kilde <\/a><\/p>","protected":false},"excerpt":{"rendered":"<p>Dobbeltdrapsd\u00f8mte Makaveli Lind\u00e9n er tilbake i Norge for f\u00f8rste gang p\u00e5 fire \u00e5r. Innenriks: Onsdag landet han p\u00e5 Gardermoen, fulgt av belgisk politi. Her ble han p\u00e5grepet av norsk politi, skriver TV 2. Lind\u00e9n ble i Oslo tingrett i 2020 d\u00f8mt til tvungent psykisk helsevern etter drapet p\u00e5 Heikki Bj\u00f8rklund Paltto (23) p\u00e5 Majorstua i [&hellip;]<\/p>","protected":false},"author":1,"featured_media":20516,"comment_status":"","ping_status":"","sticky":false,"template":"","format":"standard","meta":{"footnotes":""},"categories":[107],"tags":[],"tmauthors":[],"class_list":["post-20515","post","type-post","status-publish","format-standard","has-post-thumbnail","category-nyheter"],"_links":{"self":[{"href":"https:\/\/radiostavanger.no\/index.php?rest_route=\/wp\/v2\/posts\/20515","targetHints":{"allow":["GET"]}}],"collection":[{"href":"https:\/\/radiostavanger.no\/index.php?rest_route=\/wp\/v2\/posts"}],"about":[{"href":"https:\/\/radiostavanger.no\/index.php?rest_route=\/wp\/v2\/types\/post"}],"author":[{"embeddable":true,"href":"https:\/\/radiostavanger.no\/index.php?rest_route=\/wp\/v2\/users\/1"}],"replies":[{"embeddable":true,"href":"https:\/\/radiostavanger.no\/index.php?rest_route=%2Fwp%2Fv2%2Fcomments&post=20515"}],"version-history":[{"count":0,"href":"https:\/\/radiostavanger.no\/index.php?rest_route=\/wp\/v2\/posts\/20515\/revisions"}],"wp:featuredmedia":[{"embeddable":true,"href":"https:\/\/radiostavanger.no\/index.php?rest_route=\/wp\/v2\/media\/20516"}],"wp:attachment":[{"href":"https:\/\/radiostavanger.no\/index.php?rest_route=%2Fwp%2Fv2%2Fmedia&parent=20515"}],"wp:term":[{"taxonomy":"category","embeddable":true,"href":"https:\/\/radiostavanger.no\/index.php?rest_route=%2Fwp%2Fv2%2Fcategories&post=20515"},{"taxonomy":"post_tag","embeddable":true,"href":"https:\/\/radiostavanger.no\/index.php?rest_route=%2Fwp%2Fv2%2Ftags&post=20515"},{"taxonomy":"tmauthors","embeddable":true,"href":"https:\/\/radiostavanger.no\/index.php?rest_route=%2Fwp%2Fv2%2Ftmauthors&post=20515"}],"curies":[{"name":"wp","href":"https:\/\/api.w.org\/{rel}","templated":true}]}}