{"id":20522,"date":"2026-09-02T18:22:05","date_gmt":"2026-09-02T18:22:05","guid":{"rendered":"https:\/\/radiostavanger.no\/?p=20522"},"modified":"2026-09-02T18:22:05","modified_gmt":"2026-09-02T18:22:05","slug":"bil-traff-autovernet-pa-e39-trafikale-problemer-ved-jektevik-radio-stavanger","status":"publish","type":"post","link":"https:\/\/radiostavanger.no\/?p=20522","title":{"rendered":"Bil traff autovernet p\u00e5 E39 \u2013 trafikale problemer ved Jektevik \u2013 Radio Stavanger"},"content":{"rendered":"<p><br \/>\n<\/p>\n<div id=\"mvp-content-main\">\n<p class=\"radioh-ingress\"><strong>Politiet rykket ut til en trafikkulykke ved Jektevik fergekai p\u00e5 Stord. \u00c9n bil kj\u00f8rte inn i autovernet, og f\u00f8reren blir tilsett av helse etter \u00e5 ha fremst\u00e5tt lettere skadet.<\/strong><\/p>\n<p><b>Trafikk:<\/b> E39 ved Jektevik fergekai p\u00e5 Stord er delvis stengt etter en trafikkulykke med \u00e9n bil. Politiet meldte om hendelsen etter at kj\u00f8ret\u00f8yet traff autovernet.<\/p>\n<h4>F\u00f8rer unders\u00f8kes<\/h4>\n<p>\nF\u00f8reren av bilen fremst\u00e5r lettere skadet og blir tilsett av helse p\u00e5 stedet. Personen var alene i bilen.<\/p>\n<h4>Trafikale problemer<\/h4>\n<p>\nDet er trafikale problemer i omr\u00e5det, og ett felt blir \u00e5pnet for trafikk mens arbeidet p\u00e5g\u00e5r.<\/p>\n<\/p><\/div>\n<p><script async defer crossorigin=\"anonymous\" data-lazy=\"w3tc\" data-src=\"https:\/\/connect.facebook.net\/nb_NO\/sdk.js#xfbml=1&#038;version=v18.0\"><\/script><br \/>\n<br \/><br \/>\n<br \/><a href=\"https:\/\/radioh.no\/bil-traff-autovernet-pa-e39\/\">Kilde <\/a><\/p>","protected":false},"excerpt":{"rendered":"<p>Politiet rykket ut til en trafikkulykke ved Jektevik fergekai p\u00e5 Stord. \u00c9n bil kj\u00f8rte inn i autovernet, og f\u00f8reren blir tilsett av helse etter \u00e5 ha fremst\u00e5tt lettere skadet. Trafikk: E39 ved Jektevik fergekai p\u00e5 Stord er delvis stengt etter en trafikkulykke med \u00e9n bil. Politiet meldte om hendelsen etter at kj\u00f8ret\u00f8yet traff autovernet. F\u00f8rer [&hellip;]<\/p>","protected":false},"author":1,"featured_media":4931,"comment_status":"","ping_status":"","sticky":false,"template":"","format":"standard","meta":{"footnotes":""},"categories":[107],"tags":[],"tmauthors":[],"class_list":["post-20522","post","type-post","status-publish","format-standard","has-post-thumbnail","category-nyheter"],"_links":{"self":[{"href":"https:\/\/radiostavanger.no\/index.php?rest_route=\/wp\/v2\/posts\/20522","targetHints":{"allow":["GET"]}}],"collection":[{"href":"https:\/\/radiostavanger.no\/index.php?rest_route=\/wp\/v2\/posts"}],"about":[{"href":"https:\/\/radiostavanger.no\/index.php?rest_route=\/wp\/v2\/types\/post"}],"author":[{"embeddable":true,"href":"https:\/\/radiostavanger.no\/index.php?rest_route=\/wp\/v2\/users\/1"}],"replies":[{"embeddable":true,"href":"https:\/\/radiostavanger.no\/index.php?rest_route=%2Fwp%2Fv2%2Fcomments&post=20522"}],"version-history":[{"count":0,"href":"https:\/\/radiostavanger.no\/index.php?rest_route=\/wp\/v2\/posts\/20522\/revisions"}],"wp:featuredmedia":[{"embeddable":true,"href":"https:\/\/radiostavanger.no\/index.php?rest_route=\/wp\/v2\/media\/4931"}],"wp:attachment":[{"href":"https:\/\/radiostavanger.no\/index.php?rest_route=%2Fwp%2Fv2%2Fmedia&parent=20522"}],"wp:term":[{"taxonomy":"category","embeddable":true,"href":"https:\/\/radiostavanger.no\/index.php?rest_route=%2Fwp%2Fv2%2Fcategories&post=20522"},{"taxonomy":"post_tag","embeddable":true,"href":"https:\/\/radiostavanger.no\/index.php?rest_route=%2Fwp%2Fv2%2Ftags&post=20522"},{"taxonomy":"tmauthors","embeddable":true,"href":"https:\/\/radiostavanger.no\/index.php?rest_route=%2Fwp%2Fv2%2Ftmauthors&post=20522"}],"curies":[{"name":"wp","href":"https:\/\/api.w.org\/{rel}","templated":true}]}}