{"id":20523,"date":"2026-09-02T18:34:03","date_gmt":"2026-09-02T18:34:03","guid":{"rendered":"https:\/\/radiostavanger.no\/?p=20523"},"modified":"2026-09-02T18:34:03","modified_gmt":"2026-09-02T18:34:03","slug":"viking-signerte-nederlandsk-back-foran-champions-league-debuten-radio-stavanger","status":"publish","type":"post","link":"https:\/\/radiostavanger.no\/?p=20523","title":{"rendered":"Viking signerte nederlandsk back foran Champions League-debuten \u2013 Radio Stavanger"},"content":{"rendered":"<p><br \/>\n<\/p>\n<div id=\"mvp-content-main\">\n<p class=\"radioh-ingress\"><strong>Mesterligaklare Viking har sikret seg den nederlandske forsvarsspilleren Essi\u00ebn Bassey.<\/strong>\n<\/p>\n<p><strong>Sport<\/strong>: Det bekrefter Stavanger-klubben p\u00e5 sine nettsider onsdag. 19-\u00e5ringen har signert en kontrakt ut 2030-sesongen.\n<\/p>\n<p>\u2013 Jeg har f\u00e5tt et veldig bra f\u00f8rsteinntrykk. Det er en fin stadion og virker som en fin by. Jeg ser virkelig frem til \u00e5 spille for Viking og spille foran v\u00e5re supportere, sier Bassey.\n<\/p>\n<p>Han kommer fra den nederlandske storklubben PSV, hvor han har spilte de siste \u00e5rene og g\u00e5tt gradene i systemet.\n<\/p>\n<p>Nylig fikk han ogs\u00e5 sin debut i Johan Cruyff Shield \u2013 oppgj\u00f8ret mellom seriemesteren og cupvinneren i Nederland.<\/p>\n<p>N\u00e5 blir det spill for Viking.\n<\/p>\n<p>\u2013 Jeg kan nesten ikke vente med \u00e5 komme i gang og gi alt for klubben. Jeg gleder meg til \u00e5 se dere p\u00e5 stadion, og forh\u00e5pentligvis kan vi vinne mange kamper sammen, sier Bassey.\n<\/p>\n<p>Han har ogs\u00e5 aldersbestemte landskamper for Nederland.\n<\/p>\n<p>Sportssjef Erik Nevland er glad for \u00e5 ha forsterkningen i boks.\n<\/p>\n<p>\u2013 Vi er veldig glade for \u00e5 ha Essi\u00ebn p\u00e5 plass. Han er en ung spiller med flere spennende kvaliteter som vi gleder oss til \u00e5 se mer av og videreutvikle. Vi ser frem til \u00e5 se ham i Viking-drakten, sier Nevland.<\/p>\n<p>(\u00a9NTB)\n<\/p>\n<\/p><\/div>\n<p><script async defer crossorigin=\"anonymous\" data-lazy=\"w3tc\" data-src=\"https:\/\/connect.facebook.net\/nb_NO\/sdk.js#xfbml=1&#038;version=v18.0\"><\/script><br \/>\n<br \/><br \/>\n<br \/><a href=\"https:\/\/radioh.no\/viking-signerte-nederlandsk-back-foran-champions-league-debuten\/\">Kilde <\/a><\/p>","protected":false},"excerpt":{"rendered":"<p>Mesterligaklare Viking har sikret seg den nederlandske forsvarsspilleren Essi\u00ebn Bassey. Sport: Det bekrefter Stavanger-klubben p\u00e5 sine nettsider onsdag. 19-\u00e5ringen har signert en kontrakt ut 2030-sesongen. \u2013 Jeg har f\u00e5tt et veldig bra f\u00f8rsteinntrykk. Det er en fin stadion og virker som en fin by. Jeg ser virkelig frem til \u00e5 spille for Viking og spille [&hellip;]<\/p>","protected":false},"author":1,"featured_media":20524,"comment_status":"","ping_status":"","sticky":false,"template":"","format":"standard","meta":{"footnotes":""},"categories":[107],"tags":[],"tmauthors":[],"class_list":["post-20523","post","type-post","status-publish","format-standard","has-post-thumbnail","category-nyheter"],"_links":{"self":[{"href":"https:\/\/radiostavanger.no\/index.php?rest_route=\/wp\/v2\/posts\/20523","targetHints":{"allow":["GET"]}}],"collection":[{"href":"https:\/\/radiostavanger.no\/index.php?rest_route=\/wp\/v2\/posts"}],"about":[{"href":"https:\/\/radiostavanger.no\/index.php?rest_route=\/wp\/v2\/types\/post"}],"author":[{"embeddable":true,"href":"https:\/\/radiostavanger.no\/index.php?rest_route=\/wp\/v2\/users\/1"}],"replies":[{"embeddable":true,"href":"https:\/\/radiostavanger.no\/index.php?rest_route=%2Fwp%2Fv2%2Fcomments&post=20523"}],"version-history":[{"count":0,"href":"https:\/\/radiostavanger.no\/index.php?rest_route=\/wp\/v2\/posts\/20523\/revisions"}],"wp:featuredmedia":[{"embeddable":true,"href":"https:\/\/radiostavanger.no\/index.php?rest_route=\/wp\/v2\/media\/20524"}],"wp:attachment":[{"href":"https:\/\/radiostavanger.no\/index.php?rest_route=%2Fwp%2Fv2%2Fmedia&parent=20523"}],"wp:term":[{"taxonomy":"category","embeddable":true,"href":"https:\/\/radiostavanger.no\/index.php?rest_route=%2Fwp%2Fv2%2Fcategories&post=20523"},{"taxonomy":"post_tag","embeddable":true,"href":"https:\/\/radiostavanger.no\/index.php?rest_route=%2Fwp%2Fv2%2Ftags&post=20523"},{"taxonomy":"tmauthors","embeddable":true,"href":"https:\/\/radiostavanger.no\/index.php?rest_route=%2Fwp%2Fv2%2Ftmauthors&post=20523"}],"curies":[{"name":"wp","href":"https:\/\/api.w.org\/{rel}","templated":true}]}}