{"id":20531,"date":"2026-09-02T19:23:30","date_gmt":"2026-09-02T19:23:30","guid":{"rendered":"https:\/\/radiostavanger.no\/?p=20531"},"modified":"2026-09-02T19:23:30","modified_gmt":"2026-09-02T19:23:30","slug":"forretningsmann-frikjent-for-drap-pa-gravejournalist-pa-malta-radio-stavanger","status":"publish","type":"post","link":"https:\/\/radiostavanger.no\/?p=20531","title":{"rendered":"Forretningsmann frikjent for drap p\u00e5 gravejournalist p\u00e5 Malta \u2013 Radio Stavanger"},"content":{"rendered":"<p><br \/>\n<\/p>\n<div id=\"mvp-content-main\">\n<p class=\"radioh-ingress\"><strong>En maltesisk forretningsmann ble onsdag frikjent etter \u00e5 ha v\u00e6rt anklaget for \u00e5 ha bestilt drapet p\u00e5 gravejournalisten Daphne Caruana Galizia for ni \u00e5r siden.<\/strong>\n<\/p>\n<p><strong>Utenriks<\/strong>: 56-\u00e5ringen ble drept av en bilbombe like ved sitt hjem 16. oktober 2017. Som journalist jobbet hun for \u00e5 avsl\u00f8re korrupsjon og maktmisbruk, og flere av artiklene hennes rammet personer som var n\u00e6rt knyttet til Maltas dav\u00e6rende statsminister Joseph Muscat.\n<\/p>\n<p>Den framgangsrike forretningsmannen Yorgen Fenech ble p\u00e5grepet i 2019 og tiltalt to \u00e5r senere. P\u00e5talemyndigheten mente han hadde planlagt og bestilt drapet fordi Caruana Galizia var i ferd med \u00e5 publisere en avsl\u00f8rende artikkel om onkelen hans.\n<\/p>\n<p>Fenech har nektet all skyld, og onsdag ble han frikjent av en jury p\u00e5 Malta. Han var den siste av flere personer som har v\u00e6rt tiltalt i saken.\n<\/p>\n<p>Flere andre er tidligere d\u00f8mt for drapet, men ingen bakmenn.<\/p>\n<p>I 2022 ble to br\u00f8dre d\u00f8mt til 40 \u00e5rs fengsel hver for \u00e5 ha utf\u00f8rt drapet. Begge har tilst\u00e5tt. I 2025 ble to andre menn d\u00f8mt til livsvarig fengsel for \u00e5 ha medvirket til drapet ved \u00e5 skaffe bomben som drepte journalisten. Ytterligere en mann ble d\u00f8mt til 15 \u00e5rs fengsel for medvirking i 2021, mens en taxisj\u00e5f\u00f8r ble ben\u00e5det i 2019 etter at han innr\u00f8mmet \u00e5 ha fungert som mellommann og g\u00e5tt med p\u00e5 \u00e5 vitne mot de andre.\n<\/p>\n<p>Caruana Galizias barn har kjempet for at ogs\u00e5 de som sto bak drapet og betalte gjerningspersonene, skal bli d\u00f8mt. De forlot onsdag rettssalen uten \u00e5 kommentere frikjennelsen. Senere skrev de et innlegg p\u00e5 Facebook der de uttrykker skuffelse over at de bakenforliggende \u00e5rsakene til drapet enn\u00e5 ikke er oppklart og gjort noe med.\n<\/p>\n<p>(\u00a9NTB)\n<\/p>\n<\/p><\/div>\n<p><script async defer crossorigin=\"anonymous\" data-lazy=\"w3tc\" data-src=\"https:\/\/connect.facebook.net\/nb_NO\/sdk.js#xfbml=1&#038;version=v18.0\"><\/script><br \/>\n<br \/><br \/>\n<br \/><a href=\"https:\/\/radioh.no\/forretningsmann-frikjent-for-drap-pa-gravejournalist-pa-malta\/\">Kilde <\/a><\/p>","protected":false},"excerpt":{"rendered":"<p>En maltesisk forretningsmann ble onsdag frikjent etter \u00e5 ha v\u00e6rt anklaget for \u00e5 ha bestilt drapet p\u00e5 gravejournalisten Daphne Caruana Galizia for ni \u00e5r siden. Utenriks: 56-\u00e5ringen ble drept av en bilbombe like ved sitt hjem 16. oktober 2017. Som journalist jobbet hun for \u00e5 avsl\u00f8re korrupsjon og maktmisbruk, og flere av artiklene hennes rammet [&hellip;]<\/p>","protected":false},"author":1,"featured_media":20532,"comment_status":"","ping_status":"","sticky":false,"template":"","format":"standard","meta":{"footnotes":""},"categories":[107],"tags":[],"tmauthors":[],"class_list":["post-20531","post","type-post","status-publish","format-standard","has-post-thumbnail","category-nyheter"],"_links":{"self":[{"href":"https:\/\/radiostavanger.no\/index.php?rest_route=\/wp\/v2\/posts\/20531","targetHints":{"allow":["GET"]}}],"collection":[{"href":"https:\/\/radiostavanger.no\/index.php?rest_route=\/wp\/v2\/posts"}],"about":[{"href":"https:\/\/radiostavanger.no\/index.php?rest_route=\/wp\/v2\/types\/post"}],"author":[{"embeddable":true,"href":"https:\/\/radiostavanger.no\/index.php?rest_route=\/wp\/v2\/users\/1"}],"replies":[{"embeddable":true,"href":"https:\/\/radiostavanger.no\/index.php?rest_route=%2Fwp%2Fv2%2Fcomments&post=20531"}],"version-history":[{"count":0,"href":"https:\/\/radiostavanger.no\/index.php?rest_route=\/wp\/v2\/posts\/20531\/revisions"}],"wp:featuredmedia":[{"embeddable":true,"href":"https:\/\/radiostavanger.no\/index.php?rest_route=\/wp\/v2\/media\/20532"}],"wp:attachment":[{"href":"https:\/\/radiostavanger.no\/index.php?rest_route=%2Fwp%2Fv2%2Fmedia&parent=20531"}],"wp:term":[{"taxonomy":"category","embeddable":true,"href":"https:\/\/radiostavanger.no\/index.php?rest_route=%2Fwp%2Fv2%2Fcategories&post=20531"},{"taxonomy":"post_tag","embeddable":true,"href":"https:\/\/radiostavanger.no\/index.php?rest_route=%2Fwp%2Fv2%2Ftags&post=20531"},{"taxonomy":"tmauthors","embeddable":true,"href":"https:\/\/radiostavanger.no\/index.php?rest_route=%2Fwp%2Fv2%2Ftmauthors&post=20531"}],"curies":[{"name":"wp","href":"https:\/\/api.w.org\/{rel}","templated":true}]}}