{"id":20553,"date":"2026-09-02T22:06:56","date_gmt":"2026-09-02T22:06:56","guid":{"rendered":"https:\/\/radiostavanger.no\/?p=20553"},"modified":"2026-09-02T22:06:56","modified_gmt":"2026-09-02T22:06:56","slug":"demonstrasjoner-i-ceuta-etter-migrantkrisen-radio-stavanger","status":"publish","type":"post","link":"https:\/\/radiostavanger.no\/?p=20553","title":{"rendered":"Demonstrasjoner i Ceuta etter migrantkrisen \u2013 Radio Stavanger"},"content":{"rendered":"<p><br \/>\n<\/p>\n<div id=\"mvp-content-main\">\n<p class=\"radioh-ingress\"><strong>Flere tusen innbyggere i den spanske enklaven Ceuta demonstrerte onsdag mot h\u00e5ndteringen av migrantkrisen i juli. Flere krever at statsminister Pedro S\u00e1nchez g\u00e5r av.<\/strong>\n<\/p>\n<p><strong>Utenriks<\/strong>: Demonstrantene er blant annet misforn\u00f8yd med myndighetenes h\u00e5ndtering av migrantkrisen, etter at over 70.000 migranter ankom Ceuta fra Marokko i slutten av juli. Lokalbefolkningen har ogs\u00e5 tidligere arrangert flere demonstrasjoner i protest mot det enkelte av dem kaller \u00abinntrengere\u00bb.\n<\/p>\n<p>Onsdag hadde demonstrantene med seg plakater, spanske flagg og fl\u00f8yter \u2013 og flere krever at statsminister Pedro S\u00e1nchez m\u00e5 g\u00e5 av.\n<\/p>\n<p>Fortsatt befinner opp mot 5000 av migrantene seg i den spanske enklaven, der de g\u00e5r en ukjent framtid i m\u00f8te.\n<\/p>\n<p>Krisen satte Schengen-samarbeidet p\u00e5 pr\u00f8ve, der blant annet Italia og Danmark rettet kritikk mot Spania for ikke \u00e5 beskytte EUs yttergrense.<\/p>\n<p>Ogs\u00e5 i flere andre byer var det onsdag demonstrasjoner, blant annet i Madrid, Barcelona og Bilbao.\n<\/p>\n<p>(\u00a9NTB)\n<\/p>\n<\/p><\/div>\n<p><script async defer crossorigin=\"anonymous\" data-lazy=\"w3tc\" data-src=\"https:\/\/connect.facebook.net\/nb_NO\/sdk.js#xfbml=1&#038;version=v18.0\"><\/script><br \/>\n<br \/><br \/>\n<br \/><a href=\"https:\/\/radioh.no\/demonstrasjoner-i-ceuta-etter-migrantkrisen\/\">Kilde <\/a><\/p>","protected":false},"excerpt":{"rendered":"<p>Flere tusen innbyggere i den spanske enklaven Ceuta demonstrerte onsdag mot h\u00e5ndteringen av migrantkrisen i juli. Flere krever at statsminister Pedro S\u00e1nchez g\u00e5r av. Utenriks: Demonstrantene er blant annet misforn\u00f8yd med myndighetenes h\u00e5ndtering av migrantkrisen, etter at over 70.000 migranter ankom Ceuta fra Marokko i slutten av juli. Lokalbefolkningen har ogs\u00e5 tidligere arrangert flere demonstrasjoner [&hellip;]<\/p>","protected":false},"author":1,"featured_media":20554,"comment_status":"","ping_status":"","sticky":false,"template":"","format":"standard","meta":{"footnotes":""},"categories":[107],"tags":[],"tmauthors":[],"class_list":["post-20553","post","type-post","status-publish","format-standard","has-post-thumbnail","category-nyheter"],"_links":{"self":[{"href":"https:\/\/radiostavanger.no\/index.php?rest_route=\/wp\/v2\/posts\/20553","targetHints":{"allow":["GET"]}}],"collection":[{"href":"https:\/\/radiostavanger.no\/index.php?rest_route=\/wp\/v2\/posts"}],"about":[{"href":"https:\/\/radiostavanger.no\/index.php?rest_route=\/wp\/v2\/types\/post"}],"author":[{"embeddable":true,"href":"https:\/\/radiostavanger.no\/index.php?rest_route=\/wp\/v2\/users\/1"}],"replies":[{"embeddable":true,"href":"https:\/\/radiostavanger.no\/index.php?rest_route=%2Fwp%2Fv2%2Fcomments&post=20553"}],"version-history":[{"count":0,"href":"https:\/\/radiostavanger.no\/index.php?rest_route=\/wp\/v2\/posts\/20553\/revisions"}],"wp:featuredmedia":[{"embeddable":true,"href":"https:\/\/radiostavanger.no\/index.php?rest_route=\/wp\/v2\/media\/20554"}],"wp:attachment":[{"href":"https:\/\/radiostavanger.no\/index.php?rest_route=%2Fwp%2Fv2%2Fmedia&parent=20553"}],"wp:term":[{"taxonomy":"category","embeddable":true,"href":"https:\/\/radiostavanger.no\/index.php?rest_route=%2Fwp%2Fv2%2Fcategories&post=20553"},{"taxonomy":"post_tag","embeddable":true,"href":"https:\/\/radiostavanger.no\/index.php?rest_route=%2Fwp%2Fv2%2Ftags&post=20553"},{"taxonomy":"tmauthors","embeddable":true,"href":"https:\/\/radiostavanger.no\/index.php?rest_route=%2Fwp%2Fv2%2Ftmauthors&post=20553"}],"curies":[{"name":"wp","href":"https:\/\/api.w.org\/{rel}","templated":true}]}}