{"id":20574,"date":"2026-09-03T03:51:13","date_gmt":"2026-09-03T03:51:13","guid":{"rendered":"https:\/\/radiostavanger.no\/?p=20574"},"modified":"2026-09-03T03:51:13","modified_gmt":"2026-09-03T03:51:13","slug":"teleselskapene-tar-dekningsgrep-for-kong-haralds-gravferd-radio-stavanger","status":"publish","type":"post","link":"https:\/\/radiostavanger.no\/?p=20574","title":{"rendered":"Teleselskapene tar dekningsgrep f\u00f8r kong Haralds gravferd \u2013 Radio Stavanger"},"content":{"rendered":"<p><br \/>\n<\/p>\n<div id=\"mvp-content-main\">\n<p class=\"radioh-ingress\"><strong>Samme dag som kong Harald d\u00f8de, iverksatte Telenor tiltak for \u00e5 bedre mobilkapasiteten ved Slottsplassen i Oslo. Ogs\u00e5 Telia tar grep.<\/strong>\n<\/p>\n<p><strong>Innenriks<\/strong>: \u2013 Vi har gjort tiltak rundt Slottet for \u00e5 bedre kapasiteten, som det var n\u00f8dvendig \u00e5 gj\u00f8re da kongen d\u00f8de, sier dekningsdirekt\u00f8r Bj\u00f8rn Amundsen i Telenor til NTB.\n<\/p>\n<p>Enkelte tiltak var allerede i drift tidlig fredag ettermiddag, kun noen timer etter at kong Harald d\u00f8de. N\u00e5 jobber de med resten av Oslo sentrum. Onsdag 9. september ventes det store folkemengder til gravferden.\n<\/p>\n<p>Telia hadde ogs\u00e5 tiltak i sving forrige uke.\n<\/p>\n<h2>Flere tiltak<\/h2>\n<p>\n\u2013 Vi forventer sv\u00e6rt mange mennesker i Oslo sentrum under gravferden, og har derfor gjort flere tiltak for \u00e5 styrke mobilkapasiteten i omr\u00e5det, sier informasjonssjef Daniel Barhom i Telia til NTB.<\/p>\n<p>Han sier de kommer til \u00e5 overv\u00e5ke trafikken i mobilnettet kontinuerlig under gravferden, og gj\u00f8re n\u00f8dvendige justeringer ved behov.\n<\/p>\n<p>\u2013 Blant annet setter vi ut en mobilvogn som vil bidra med \u00f8kt kapasitet og bedre dekning rundt Slottsplassen og deler av Karl Johan. I tillegg forsterket vi kapasiteten p\u00e5 basestasjonen som dekker Slottsplassen allerede i forrige uke.\n<\/p>\n<p>\u2013 Vi har ogs\u00e5 f\u00e5tt p\u00e5 plass dedikerte nettverksressurser, et slags \u00abmobilnett i mobilnettet\u00bb, for enkelte medier og andre utvalgte akt\u00f8rer p\u00e5 Slottsplassen, sier Barhom.\n<\/p>\n<h2>Kan ikke love<\/h2>\n<p>\nTelenor sier det er vanskelig \u00e5 ansl\u00e5 hvor mange som kommer til \u00e5 m\u00f8te opp i Oslo sentrum, men p\u00e5peker at det fra f\u00f8r er et av de stedene i landet med best dekning og st\u00f8rst kapasitet.\n<\/p>\n<p>\u2013 Vi har g\u00e5tt gjennom hele traseen hvor b\u00e5ren skal fraktes og hvor publikum kommer til. Vi g\u00e5r gjennom og ser hvilke basestasjoner vi har underveis. Det er behov for enkelte tiltak underveis, og det har vi delvis gjort.<\/p>\n<p>Likevel kan han ikke love perfekte forhold.\n<\/p>\n<p>\u2013 Kommer det plutselig 25.000 p\u00e5 Stortorget, for eksempel, s\u00e5 kan det g\u00e5 d\u00e5rlig.\n<\/p>\n<p>Enkelte av tiltakene som settes i kraft er midlertidige n\u00e5 under tronskiftet, mens andre er permanente, opplyser Amundsen.\n<\/p>\n<p>(\u00a9NTB)\n<\/p>\n<\/p><\/div>\n<p><script async defer crossorigin=\"anonymous\" data-lazy=\"w3tc\" data-src=\"https:\/\/connect.facebook.net\/nb_NO\/sdk.js#xfbml=1&#038;version=v18.0\"><\/script><br \/>\n<br \/><br \/>\n<br \/><a href=\"https:\/\/radioh.no\/teleselskapene-tar-dekningsgrep-for-kong-haralds-gravferd\/\">Kilde <\/a><\/p>","protected":false},"excerpt":{"rendered":"<p>Samme dag som kong Harald d\u00f8de, iverksatte Telenor tiltak for \u00e5 bedre mobilkapasiteten ved Slottsplassen i Oslo. Ogs\u00e5 Telia tar grep. Innenriks: \u2013 Vi har gjort tiltak rundt Slottet for \u00e5 bedre kapasiteten, som det var n\u00f8dvendig \u00e5 gj\u00f8re da kongen d\u00f8de, sier dekningsdirekt\u00f8r Bj\u00f8rn Amundsen i Telenor til NTB. Enkelte tiltak var allerede i [&hellip;]<\/p>","protected":false},"author":1,"featured_media":20575,"comment_status":"","ping_status":"","sticky":false,"template":"","format":"standard","meta":{"footnotes":""},"categories":[107],"tags":[],"tmauthors":[],"class_list":["post-20574","post","type-post","status-publish","format-standard","has-post-thumbnail","category-nyheter"],"_links":{"self":[{"href":"https:\/\/radiostavanger.no\/index.php?rest_route=\/wp\/v2\/posts\/20574","targetHints":{"allow":["GET"]}}],"collection":[{"href":"https:\/\/radiostavanger.no\/index.php?rest_route=\/wp\/v2\/posts"}],"about":[{"href":"https:\/\/radiostavanger.no\/index.php?rest_route=\/wp\/v2\/types\/post"}],"author":[{"embeddable":true,"href":"https:\/\/radiostavanger.no\/index.php?rest_route=\/wp\/v2\/users\/1"}],"replies":[{"embeddable":true,"href":"https:\/\/radiostavanger.no\/index.php?rest_route=%2Fwp%2Fv2%2Fcomments&post=20574"}],"version-history":[{"count":0,"href":"https:\/\/radiostavanger.no\/index.php?rest_route=\/wp\/v2\/posts\/20574\/revisions"}],"wp:featuredmedia":[{"embeddable":true,"href":"https:\/\/radiostavanger.no\/index.php?rest_route=\/wp\/v2\/media\/20575"}],"wp:attachment":[{"href":"https:\/\/radiostavanger.no\/index.php?rest_route=%2Fwp%2Fv2%2Fmedia&parent=20574"}],"wp:term":[{"taxonomy":"category","embeddable":true,"href":"https:\/\/radiostavanger.no\/index.php?rest_route=%2Fwp%2Fv2%2Fcategories&post=20574"},{"taxonomy":"post_tag","embeddable":true,"href":"https:\/\/radiostavanger.no\/index.php?rest_route=%2Fwp%2Fv2%2Ftags&post=20574"},{"taxonomy":"tmauthors","embeddable":true,"href":"https:\/\/radiostavanger.no\/index.php?rest_route=%2Fwp%2Fv2%2Ftmauthors&post=20574"}],"curies":[{"name":"wp","href":"https:\/\/api.w.org\/{rel}","templated":true}]}}