{"id":20584,"date":"2026-09-03T04:53:04","date_gmt":"2026-09-03T04:53:04","guid":{"rendered":"https:\/\/radiostavanger.no\/?p=20584"},"modified":"2026-09-03T04:53:04","modified_gmt":"2026-09-03T04:53:04","slug":"det-betyr-veldig-mye-for-meg-at-folk-far-se-hele-historien-radio-stavanger","status":"publish","type":"post","link":"https:\/\/radiostavanger.no\/?p=20584","title":{"rendered":"\u2013 Det betyr veldig mye for meg at folk f\u00e5r se hele historien \u2013 Radio Stavanger"},"content":{"rendered":"<p><br \/>\n<\/p>\n<div id=\"mvp-content-main\">\n<p class=\"radioh-ingress\"><strong>Tre \u00e5r etter at Kristin Harila satte verdensrekord i \u00e5 bestige verdens 14 h\u00f8yeste fjell raskest, kommer filmen som f\u00f8lger ferden.<\/strong>\n<\/p>\n<p><strong>Innenriks<\/strong>: Dokumentaren ble helt annerledes enn planlagt: Samme dag som Harila og Tenjen Lama Sherpa besteg den siste av de s\u00e5kalte \u00ab\u00e5tte-tusen-meterne\u00bb, K2, omkom en annen klatrer.\n<\/p>\n<h2>Ble hetset<\/h2>\n<p>\nDet ble mye omtalt og la en skygge over verdensrekorden, satt p\u00e5 bare 92 dager. Hennes team ble beskyldt for ikke \u00e5 ha gjort nok for \u00e5 hjelpe, og Harila ble hetset p\u00e5 nett, noe som ogs\u00e5 vises i filmen.\n<\/p>\n<p>Kommisjonen som unders\u00f8kte omstendighetene rundt d\u00f8dsfallet, konkluderte med at ansvaret ikke kunne legges p\u00e5 noen enkeltperson, inkludert Kristin eller teamet hennes.\n<\/p>\n<p>\u2013 Det ble en film om en historisk rekord, men ogs\u00e5 mer enn det, p\u00e5 godt og vondt. Kristin lot oss f\u00f8lge henne i en prosess som ikke ble helt som hun hadde sett for seg, sa regiss\u00f8r Even Sigstad p\u00e5 Filmh\u00f8sten-presentasjonen nylig.<\/p>\n<h2>Betyr mye<\/h2>\n<p>\n\u2013 Det betyr veldig mye for meg at filmen n\u00e5 kommer ut, og at folk f\u00e5r muligheten til \u00e5 se hele historien, sier Harila til NTB i premiereuken og legger til:\n<\/p>\n<p>\u2013 Det har v\u00e6rt mange sterke meninger og p\u00e5stander om det som skjedde, s\u00e6rlig rundt K2. For meg har det v\u00e6rt viktig \u00e5 f\u00e5 fram et mer helhetlig bilde av hva som faktisk skjedde. Jeg h\u00e5per filmen kan gi folk en bedre forst\u00e5else av b\u00e5de det vi oppn\u00e5dde, og det vi sto i underveis og i tiden etterp\u00e5.\n<\/p>\n<p>Hun er ogs\u00e5 opptatt av \u00e5 l\u00f8fte fram historien om Tenjen Lama Sherpa, samarbeidet deres og alt de opplevde sammen.\n<\/p>\n<p>\u2013 Det har v\u00e6rt veldig viktig for meg at Lama f\u00e5r den plassen han fortjener i denne historien, sier hun:\n<\/p>\n<p>\u2013 Vi delte de 14 fjellene, rekorden, de t\u00f8ffeste dagene og s\u00e5 mange fine \u00f8yeblikk. Jeg h\u00e5per filmen gj\u00f8r at flere f\u00e5r bli kjent med hvem han var, hva han sto for og hvor stor del han hadde i det vi oppn\u00e5dde sammen. For meg er filmen ogs\u00e5 en m\u00e5te \u00e5 hedre Lama.<\/p>\n<h2>Tilbake for \u00e5 lete<\/h2>\n<p>\nTenjen Lama Sherpa omkom bare noen m\u00e5neder etter at verdensrekorden ble satt. Han ble tatt av et sn\u00f8skred under en klatreekspedisjon til Shishapangma \u2013 det laveste av de 14 fjellene, men if\u00f8lge Harila ogs\u00e5 blant de farligste.\n<\/p>\n<p>\u00c5ret etter dro hun til Tibet for \u00e5 hente Lama ned, men fant ham ikke. Hun lovet enken \u00e5 hjelpe med utdannelsen av hans to s\u00f8nner, Lakpa Sange og Lakpa Nurbu \u2013 som ogs\u00e5 kom til Norge p\u00e5 f\u00f8rpremieren av \u00abHarila: N\u00e5del\u00f8se fjell\u00bb onsdag.\n<\/p>\n<p>\u2013 Dette er et historisk samarbeid. Denne rekorden er veldig viktig. S\u00e6rlig for familien min, for barna mine, sier Tenjen Lama Sherpa i dokumentaren.\n<\/p>\n<p>En slik type rekord er nemlig aldri tidligere blitt delt mellom en vestlig klatrer og en sherpa, if\u00f8lge filmens produsent Filip Christensen.\n<\/p>\n<h2>\u00abLitt farligere\u00bb<\/h2>\n<p>\nKristin Harila fullf\u00f8rte i mai den s\u00e5kalte \u00abHimalayan Triple Crown\u00bb, som inneb\u00e6rer \u00e5 n\u00e5 toppen av fjellene Nuptse, Lhotse og Everest p\u00e5 \u00e9n klatresesong.<\/p>\n<p>Det fullf\u00f8rte hun som f\u00f8rste kvinne. Kristin ble samtidig f\u00f8rste nordmann til \u00e5 bestige Mount Everest uten ekstra oksygen.\n<\/p>\n<p>Men n\u00e5 har hun erkl\u00e6rt seg ferdig med de lange ekspedisjonene i 8000-metersklassen.\n<\/p>\n<p>I \u00abHarila: N\u00e5del\u00f8se fjell\u00bb er det en scene der hun sp\u00f8r faren om det \u00aber slitsomt \u00e5 ha en datter som meg\u00bb. Han svarer n\u00f8kternt:\n<\/p>\n<p>\u2013 Du lever litt farligere enn folk flest.\n<\/p>\n<h2>Klatrefilm popul\u00e6rt i Norge<\/h2>\n<p>\nKlatredokumentarer er popul\u00e6re i Norge. I fjor ble \u00abTrango\u00bb den mest sette dokumentarfilmen p\u00e5 kinoene her til lands, og den var ogs\u00e5 \u00e9n av tre filmer kortlistet som Norges Oscar-kandidat.<\/p>\n<p>Filmnettstedet Montages karakteriserer ekspedisjonsfilmen som \u00abp\u00e5 mange m\u00e5ter den eldste norske filmsjangeren\u00bb, og trekker linjen tilbake til da Roald Amundsen tok med seg filmkamera p\u00e5 Sydpolsekspedisjonen.\n<\/p>\n<p>Men \u00e5 spille inn en klatrefilm er ekstra utfordrende, r\u00f8pet \u00abHarila: N\u00e5del\u00f8se fjell\u00bb-produsent Filip Christensen \u2013 for de m\u00e5tte finne fotografer som b\u00e5de var flinke og dyktige til \u00e5 klatre, som det finnes \u00aben h\u00e5ndfull av i verden\u00bb.\n<\/p>\n<h2>H\u00f8ydetelt hjemme<\/h2>\n<p>\nEn av dem er Matias Myklebust, som ble med Kristin Harila og Tenjen Lama Sherpa til to av fjelltoppene.\n<\/p>\n<p>\u2013 Jeg sov opp mot 30 dager i h\u00f8ydetelt her i Oslo f\u00f8r jeg reiste til Nepal med Kristin for \u00e5 dokumentere rekordfors\u00f8ket hennes. Det og to trenings\u00f8kter om dagen ble en stresstest p\u00e5 hvordan jeg ville h\u00e5ndtere hva vi hadde i vente rent fysisk, sier han til NTB.\n<\/p>\n<p>Myklebust forteller om ekstremt tunge sekker \u2013 opptil 30 kilo \u2013 \u00e5 b\u00e6re opp mot 8000 meter. Han gikk ned over 14 kilo p\u00e5 sine 70 innspillingsdager, og merket hvordan alt gikk saktere i den tynne luften \u2013 og kroppen gikk p\u00e5 sparebluss.<\/p>\n<p>\u2013 Batterier skal likevel holdes varme, jeg skal tenke to steg fremover, stille sp\u00f8rsm\u00e5l og f\u00f8lge opp alt som skjer b\u00e5de foran og bak kamera, oppsummerer Myklebust.\n<\/p>\n<p>(\u00a9NTB)\n<\/p>\n<\/p><\/div>\n<p><script async defer crossorigin=\"anonymous\" data-lazy=\"w3tc\" data-src=\"https:\/\/connect.facebook.net\/nb_NO\/sdk.js#xfbml=1&#038;version=v18.0\"><\/script><br \/>\n<br \/><br \/>\n<br \/><a href=\"https:\/\/radioh.no\/kristin-harila-det-betyr-veldig-mye-for-meg-at-folk-far-se-hele-historien\/\">Kilde <\/a><\/p>","protected":false},"excerpt":{"rendered":"<p>Tre \u00e5r etter at Kristin Harila satte verdensrekord i \u00e5 bestige verdens 14 h\u00f8yeste fjell raskest, kommer filmen som f\u00f8lger ferden. Innenriks: Dokumentaren ble helt annerledes enn planlagt: Samme dag som Harila og Tenjen Lama Sherpa besteg den siste av de s\u00e5kalte \u00ab\u00e5tte-tusen-meterne\u00bb, K2, omkom en annen klatrer. Ble hetset Det ble mye omtalt og [&hellip;]<\/p>","protected":false},"author":1,"featured_media":20585,"comment_status":"","ping_status":"","sticky":false,"template":"","format":"standard","meta":{"footnotes":""},"categories":[107],"tags":[],"tmauthors":[],"class_list":["post-20584","post","type-post","status-publish","format-standard","has-post-thumbnail","category-nyheter"],"_links":{"self":[{"href":"https:\/\/radiostavanger.no\/index.php?rest_route=\/wp\/v2\/posts\/20584","targetHints":{"allow":["GET"]}}],"collection":[{"href":"https:\/\/radiostavanger.no\/index.php?rest_route=\/wp\/v2\/posts"}],"about":[{"href":"https:\/\/radiostavanger.no\/index.php?rest_route=\/wp\/v2\/types\/post"}],"author":[{"embeddable":true,"href":"https:\/\/radiostavanger.no\/index.php?rest_route=\/wp\/v2\/users\/1"}],"replies":[{"embeddable":true,"href":"https:\/\/radiostavanger.no\/index.php?rest_route=%2Fwp%2Fv2%2Fcomments&post=20584"}],"version-history":[{"count":0,"href":"https:\/\/radiostavanger.no\/index.php?rest_route=\/wp\/v2\/posts\/20584\/revisions"}],"wp:featuredmedia":[{"embeddable":true,"href":"https:\/\/radiostavanger.no\/index.php?rest_route=\/wp\/v2\/media\/20585"}],"wp:attachment":[{"href":"https:\/\/radiostavanger.no\/index.php?rest_route=%2Fwp%2Fv2%2Fmedia&parent=20584"}],"wp:term":[{"taxonomy":"category","embeddable":true,"href":"https:\/\/radiostavanger.no\/index.php?rest_route=%2Fwp%2Fv2%2Fcategories&post=20584"},{"taxonomy":"post_tag","embeddable":true,"href":"https:\/\/radiostavanger.no\/index.php?rest_route=%2Fwp%2Fv2%2Ftags&post=20584"},{"taxonomy":"tmauthors","embeddable":true,"href":"https:\/\/radiostavanger.no\/index.php?rest_route=%2Fwp%2Fv2%2Ftmauthors&post=20584"}],"curies":[{"name":"wp","href":"https:\/\/api.w.org\/{rel}","templated":true}]}}