{"id":20612,"date":"2026-09-03T07:30:05","date_gmt":"2026-09-03T07:30:05","guid":{"rendered":"https:\/\/radiostavanger.no\/?p=20612"},"modified":"2026-09-03T07:30:05","modified_gmt":"2026-09-03T07:30:05","slug":"el-nino-blir-veldig-kraftig-radio-stavanger","status":"publish","type":"post","link":"https:\/\/radiostavanger.no\/?p=20612","title":{"rendered":"El Ni\u00f1o blir \u00abveldig kraftig\u00bb \u2013 Radio Stavanger"},"content":{"rendered":"<p><br \/>\n<\/p>\n<div id=\"mvp-content-main\">\n<p class=\"radioh-ingress\"><strong>V\u00e6rfenomenet El Ni\u00f1o vil bli veldig kraftig de neste m\u00e5nedene, advarer Verdens meteorologiorganisasjon (WMO).<\/strong>\n<\/p>\n<p><strong>Utenriks<\/strong>: I en uttalelse torsdag sier FN-organisasjonen at El Ni\u00f1o vil ha stor p\u00e5virkning p\u00e5 nedb\u00f8r og temperaturm\u00f8nstre, noe som i sin tur \u00f8ker risikoen for flom, t\u00f8rke og ekstrem hete.\n<\/p>\n<p>El Ni\u00f1o er et naturlig fenomen som oppst\u00e5r med noen \u00e5rs mellomrom. Utgangspunktet er uvanlig varmt vann i Stillehavet, men konsekvensene kan spre seg over store deler av verden.\n<\/p>\n<p>Blant annet pleier El Ni\u00f1o \u00e5 gi temperaturene et midlertidig l\u00f8ft \u2013 noe som kommer p\u00e5 toppen av den globale oppvarmingen.\n<\/p>\n<p>\u2013 Vitenskapen etterlater ingen tvil: Planeten er i ukjent farvann, og det farvannet blir varmere. Havoverflaten blir varmere, temperaturene fortsetter \u00e5 stige, og verden er i faresonen for ekstremt v\u00e6r, sier FNs generalsekret\u00e6r Ant\u00f3nio Guterres i en uttalelse.<\/p>\n<p>(\u00a9NTB)\n<\/p>\n<\/p><\/div>\n<p><script async defer crossorigin=\"anonymous\" data-lazy=\"w3tc\" data-src=\"https:\/\/connect.facebook.net\/nb_NO\/sdk.js#xfbml=1&#038;version=v18.0\"><\/script><br \/>\n<br \/><br \/>\n<br \/><a href=\"https:\/\/radioh.no\/wmo-okt-sannsynlighet-for-el-nino-i-ar-kan-pavirke-vaeret-over-store-deler-av-verden\/\">Kilde <\/a><\/p>","protected":false},"excerpt":{"rendered":"<p>V\u00e6rfenomenet El Ni\u00f1o vil bli veldig kraftig de neste m\u00e5nedene, advarer Verdens meteorologiorganisasjon (WMO). Utenriks: I en uttalelse torsdag sier FN-organisasjonen at El Ni\u00f1o vil ha stor p\u00e5virkning p\u00e5 nedb\u00f8r og temperaturm\u00f8nstre, noe som i sin tur \u00f8ker risikoen for flom, t\u00f8rke og ekstrem hete. El Ni\u00f1o er et naturlig fenomen som oppst\u00e5r med noen [&hellip;]<\/p>","protected":false},"author":1,"featured_media":20613,"comment_status":"","ping_status":"","sticky":false,"template":"","format":"standard","meta":{"footnotes":""},"categories":[107],"tags":[],"tmauthors":[],"class_list":["post-20612","post","type-post","status-publish","format-standard","has-post-thumbnail","category-nyheter"],"_links":{"self":[{"href":"https:\/\/radiostavanger.no\/index.php?rest_route=\/wp\/v2\/posts\/20612","targetHints":{"allow":["GET"]}}],"collection":[{"href":"https:\/\/radiostavanger.no\/index.php?rest_route=\/wp\/v2\/posts"}],"about":[{"href":"https:\/\/radiostavanger.no\/index.php?rest_route=\/wp\/v2\/types\/post"}],"author":[{"embeddable":true,"href":"https:\/\/radiostavanger.no\/index.php?rest_route=\/wp\/v2\/users\/1"}],"replies":[{"embeddable":true,"href":"https:\/\/radiostavanger.no\/index.php?rest_route=%2Fwp%2Fv2%2Fcomments&post=20612"}],"version-history":[{"count":0,"href":"https:\/\/radiostavanger.no\/index.php?rest_route=\/wp\/v2\/posts\/20612\/revisions"}],"wp:featuredmedia":[{"embeddable":true,"href":"https:\/\/radiostavanger.no\/index.php?rest_route=\/wp\/v2\/media\/20613"}],"wp:attachment":[{"href":"https:\/\/radiostavanger.no\/index.php?rest_route=%2Fwp%2Fv2%2Fmedia&parent=20612"}],"wp:term":[{"taxonomy":"category","embeddable":true,"href":"https:\/\/radiostavanger.no\/index.php?rest_route=%2Fwp%2Fv2%2Fcategories&post=20612"},{"taxonomy":"post_tag","embeddable":true,"href":"https:\/\/radiostavanger.no\/index.php?rest_route=%2Fwp%2Fv2%2Ftags&post=20612"},{"taxonomy":"tmauthors","embeddable":true,"href":"https:\/\/radiostavanger.no\/index.php?rest_route=%2Fwp%2Fv2%2Ftmauthors&post=20612"}],"curies":[{"name":"wp","href":"https:\/\/api.w.org\/{rel}","templated":true}]}}