{"id":20614,"date":"2026-09-03T07:36:04","date_gmt":"2026-09-03T07:36:04","guid":{"rendered":"https:\/\/radiostavanger.no\/?p=20614"},"modified":"2026-09-03T07:36:04","modified_gmt":"2026-09-03T07:36:04","slug":"4300-defilerte-ved-kong-haralds-bare-i-gar-radio-stavanger","status":"publish","type":"post","link":"https:\/\/radiostavanger.no\/?p=20614","title":{"rendered":"4300 defilerte ved kong Haralds b\u00e5re i g\u00e5r \u2013 Radio Stavanger"},"content":{"rendered":"<p><br \/>\n<\/p>\n<div id=\"mvp-content-main\">\n<p class=\"radioh-ingress\"><strong>Alle som sto i k\u00f8en klokken 18 fikk komme inn i Slottskapellet.<\/strong>\n<\/p>\n<p><strong>Innenriks<\/strong>: Det opplyser slottet overfor NTB.\n<\/p>\n<p>Frem til tirsdag 8. september er Slottskapellet \u00e5pent for publikum hver dag. \u00c5pningstidene er 10-18. Defilering betyr at de som \u00f8nsker, kan g\u00e5 sakte forbi b\u00e5ren for \u00e5 ta farvel med kong Harald.\n<\/p>\n<p>Omtrent 4300 personer defilerte i Slottskapellet onsdag.\n<\/p>\n<p>Slottet opplyser at alle som sto i k\u00f8en klokken 18 da det stengte, fikk komme inn i kapellet for \u00e5 ta farvel.<\/p>\n<p>Tirsdag ble sluttallet 4059. Ogs\u00e5 da ble \u00e5pningstidene utvidet p\u00e5 grunn av lang k\u00f8.\n<\/p>\n<p>\u2013 Tempoet for defileringen vil variere fra dag til dag, sier pressekontakt ved Det kongelige hoff, Sara Svanemyr.\n<\/p>\n<p>Fram til gravferden vil det v\u00e6re kapasitet til at rundt 45.000 f\u00e5r muligheten til \u00e5 ta farvel ved kong Haralds b\u00e5re.\n<\/p>\n<p>(\u00a9NTB)\n<\/p>\n<\/p><\/div>\n<p><script async defer crossorigin=\"anonymous\" data-lazy=\"w3tc\" data-src=\"https:\/\/connect.facebook.net\/nb_NO\/sdk.js#xfbml=1&#038;version=v18.0\"><\/script><br \/>\n<br \/><br \/>\n<br \/><a href=\"https:\/\/radioh.no\/4300-defilerte-ved-kong-haralds-bare-i-gar\/\">Kilde <\/a><\/p>","protected":false},"excerpt":{"rendered":"<p>Alle som sto i k\u00f8en klokken 18 fikk komme inn i Slottskapellet. Innenriks: Det opplyser slottet overfor NTB. Frem til tirsdag 8. september er Slottskapellet \u00e5pent for publikum hver dag. \u00c5pningstidene er 10-18. Defilering betyr at de som \u00f8nsker, kan g\u00e5 sakte forbi b\u00e5ren for \u00e5 ta farvel med kong Harald. Omtrent 4300 personer defilerte [&hellip;]<\/p>","protected":false},"author":1,"featured_media":20615,"comment_status":"","ping_status":"","sticky":false,"template":"","format":"standard","meta":{"footnotes":""},"categories":[107],"tags":[],"tmauthors":[],"class_list":["post-20614","post","type-post","status-publish","format-standard","has-post-thumbnail","category-nyheter"],"_links":{"self":[{"href":"https:\/\/radiostavanger.no\/index.php?rest_route=\/wp\/v2\/posts\/20614","targetHints":{"allow":["GET"]}}],"collection":[{"href":"https:\/\/radiostavanger.no\/index.php?rest_route=\/wp\/v2\/posts"}],"about":[{"href":"https:\/\/radiostavanger.no\/index.php?rest_route=\/wp\/v2\/types\/post"}],"author":[{"embeddable":true,"href":"https:\/\/radiostavanger.no\/index.php?rest_route=\/wp\/v2\/users\/1"}],"replies":[{"embeddable":true,"href":"https:\/\/radiostavanger.no\/index.php?rest_route=%2Fwp%2Fv2%2Fcomments&post=20614"}],"version-history":[{"count":0,"href":"https:\/\/radiostavanger.no\/index.php?rest_route=\/wp\/v2\/posts\/20614\/revisions"}],"wp:featuredmedia":[{"embeddable":true,"href":"https:\/\/radiostavanger.no\/index.php?rest_route=\/wp\/v2\/media\/20615"}],"wp:attachment":[{"href":"https:\/\/radiostavanger.no\/index.php?rest_route=%2Fwp%2Fv2%2Fmedia&parent=20614"}],"wp:term":[{"taxonomy":"category","embeddable":true,"href":"https:\/\/radiostavanger.no\/index.php?rest_route=%2Fwp%2Fv2%2Fcategories&post=20614"},{"taxonomy":"post_tag","embeddable":true,"href":"https:\/\/radiostavanger.no\/index.php?rest_route=%2Fwp%2Fv2%2Ftags&post=20614"},{"taxonomy":"tmauthors","embeddable":true,"href":"https:\/\/radiostavanger.no\/index.php?rest_route=%2Fwp%2Fv2%2Ftmauthors&post=20614"}],"curies":[{"name":"wp","href":"https:\/\/api.w.org\/{rel}","templated":true}]}}