{"id":20618,"date":"2026-09-03T08:05:57","date_gmt":"2026-09-03T08:05:57","guid":{"rendered":"https:\/\/radiostavanger.no\/?p=20618"},"modified":"2026-09-03T08:05:57","modified_gmt":"2026-09-03T08:05:57","slug":"hadde-ikke-nodvendig-stotte-radio-stavanger","status":"publish","type":"post","link":"https:\/\/radiostavanger.no\/?p=20618","title":{"rendered":"\u2013 Hadde ikke n\u00f8dvendig st\u00f8tte \u2013 Radio Stavanger"},"content":{"rendered":"<p><br \/>\n<\/p>\n<div id=\"mvp-content-main\">\n<p class=\"radioh-ingress\"><strong>S\u00f8ren Eriksen trekker seg som styreleder i V\u00e5lerenga i kj\u00f8lvannet av at kaptein Henrik Bj\u00f8rdal ble solgt til Viking.<\/strong>\n<\/p>\n<p><strong>Sport<\/strong>: Han ble valgt som styreleder i V\u00e5lerenga Fotball Elite s\u00e5 sent som i mars.\n<\/p>\n<p>\u2013 I etterkant av salget av Henrik Bj\u00f8rdal hadde vi et styrem\u00f8te for \u00e5 orientere om overgangen til Viking. I l\u00f8pet av dette m\u00f8tet tok jeg avgj\u00f8relsen. Jeg merket fort at jeg ikke hadde n\u00f8dvendig st\u00f8tte for de beslutninger jeg har v\u00e6rt med p\u00e5 \u00e5 ta. Og selv om det var i beste mening for \u00e5 pr\u00f8ve styrke klubbens \u00f8konomi og fremtid, har jeg da ikke annet valg enn \u00e5 fratre, sier Eriksen i en uttalelse.\n<\/p>\n<p>Det er uro i Oslo-klubben for tiden. Nylig ble det kjent at V\u00e5lerengas sportssjef Joacim Jonsson gir seg senest etter sesongen.\n<\/p>\n<p>Salget av Bj\u00f8rdal til Champions League-klare Viking har skapt sterke reaksjoner i VIF-milj\u00f8et. Det skjedde br\u00e5tt p\u00e5 siste dag av det norske overgangsvinduet.<\/p>\n<p>\u2013 Jeg er selvsagt enig i at det fryktelig tungt \u00e5 selge Henrik, men n\u00e5r spilleren virkelig \u00f8nsker \u00e5 g\u00e5 i en alder av 29 \u00e5r, trenerne konkluderer med at det er greit, og vi bidrar til \u00e5 sikre avgj\u00f8rende likviditet til klubbens drift neste \u00e5r, blir det vanskelig \u00e5 si nei til salg. Dette vil gj\u00f8re arbeidet med driftsbudsjettet og mulighetene for \u00e5 fornye og balansere spillerstallen lettere, forklarer S\u00f8rensen.\n<\/p>\n<p>Han legger til at det er \u00abveldig tungt \u00e5 ikke f\u00e5 til det jeg \u00f8nsket til det beste for V\u00e5lerenga\u00bb.\n<\/p>\n<p>Ogs\u00e5 i TV 2s Deadline Day-studio onsdag kveld haglet reaksjonene etter sjokkovergangen.\n<\/p>\n<p>\u2013 Veldig g\u00f8y for Viking, men for en tragedie for V\u00e5lerenga. De er fem poeng foran kvalifiseringsplassen, og det renner inn m\u00e5l bakover. Lederen i laget, som g\u00e5r foran n\u00e5r det butter litt, er i ferd med \u00e5 ta med kofferten til Stavanger. Detter et kjempenederlag for V\u00e5lerenga, sa Petter B\u00f8 Tosterud.\n<\/p>\n<p>\u2013 Hvis de n\u00e5 selger kapteinen sin midt i sesongen etter en svak periode, etter noen horrible kamper defensivt, tror jeg det faller mange tungt for brystet, sa Yaw Amankwah.<\/p>\n<p>Nestleder Ine Hope Karlsen tar over som styreleder i V\u00e5lerenga Fotball Elite.\n<\/p>\n<p>(\u00a9NTB)\n<\/p>\n<\/p><\/div>\n<p><script async defer crossorigin=\"anonymous\" data-lazy=\"w3tc\" data-src=\"https:\/\/connect.facebook.net\/nb_NO\/sdk.js#xfbml=1&#038;version=v18.0\"><\/script><br \/>\n<br \/><br \/>\n<br \/><a href=\"https:\/\/radioh.no\/valerengas-styreleder-gar-av-etter-bjordal-salget-hadde-ikke-nodvendig-stotte\/\">Kilde <\/a><\/p>","protected":false},"excerpt":{"rendered":"<p>S\u00f8ren Eriksen trekker seg som styreleder i V\u00e5lerenga i kj\u00f8lvannet av at kaptein Henrik Bj\u00f8rdal ble solgt til Viking. Sport: Han ble valgt som styreleder i V\u00e5lerenga Fotball Elite s\u00e5 sent som i mars. \u2013 I etterkant av salget av Henrik Bj\u00f8rdal hadde vi et styrem\u00f8te for \u00e5 orientere om overgangen til Viking. I l\u00f8pet [&hellip;]<\/p>","protected":false},"author":1,"featured_media":20619,"comment_status":"","ping_status":"","sticky":false,"template":"","format":"standard","meta":{"footnotes":""},"categories":[107],"tags":[],"tmauthors":[],"class_list":["post-20618","post","type-post","status-publish","format-standard","has-post-thumbnail","category-nyheter"],"_links":{"self":[{"href":"https:\/\/radiostavanger.no\/index.php?rest_route=\/wp\/v2\/posts\/20618","targetHints":{"allow":["GET"]}}],"collection":[{"href":"https:\/\/radiostavanger.no\/index.php?rest_route=\/wp\/v2\/posts"}],"about":[{"href":"https:\/\/radiostavanger.no\/index.php?rest_route=\/wp\/v2\/types\/post"}],"author":[{"embeddable":true,"href":"https:\/\/radiostavanger.no\/index.php?rest_route=\/wp\/v2\/users\/1"}],"replies":[{"embeddable":true,"href":"https:\/\/radiostavanger.no\/index.php?rest_route=%2Fwp%2Fv2%2Fcomments&post=20618"}],"version-history":[{"count":0,"href":"https:\/\/radiostavanger.no\/index.php?rest_route=\/wp\/v2\/posts\/20618\/revisions"}],"wp:featuredmedia":[{"embeddable":true,"href":"https:\/\/radiostavanger.no\/index.php?rest_route=\/wp\/v2\/media\/20619"}],"wp:attachment":[{"href":"https:\/\/radiostavanger.no\/index.php?rest_route=%2Fwp%2Fv2%2Fmedia&parent=20618"}],"wp:term":[{"taxonomy":"category","embeddable":true,"href":"https:\/\/radiostavanger.no\/index.php?rest_route=%2Fwp%2Fv2%2Fcategories&post=20618"},{"taxonomy":"post_tag","embeddable":true,"href":"https:\/\/radiostavanger.no\/index.php?rest_route=%2Fwp%2Fv2%2Ftags&post=20618"},{"taxonomy":"tmauthors","embeddable":true,"href":"https:\/\/radiostavanger.no\/index.php?rest_route=%2Fwp%2Fv2%2Ftmauthors&post=20618"}],"curies":[{"name":"wp","href":"https:\/\/api.w.org\/{rel}","templated":true}]}}