{"id":20620,"date":"2026-09-03T08:24:04","date_gmt":"2026-09-03T08:24:04","guid":{"rendered":"https:\/\/radiostavanger.no\/?p=20620"},"modified":"2026-09-03T08:24:04","modified_gmt":"2026-09-03T08:24:04","slug":"14-aring-fortsetter-a-stjele-busser-selskap-ma-ta-grep-nrk-rogaland-lokale-nyheter-tv-og-radio","status":"publish","type":"post","link":"https:\/\/radiostavanger.no\/?p=20620","title":{"rendered":"14-\u00e5ring fortsetter \u00e5 stjele busser \u2013 selskap m\u00e5 ta grep \u2013 NRK Rogaland \u2013 Lokale nyheter, TV og radio"},"content":{"rendered":"<p><br \/>\n<\/p>\n<div data-main-content=\"\" data-ec-list=\"article_body\" data-ec-name=\"br\u00f8dtekst\">\n<p>\u2013 Det er sv\u00e6rt beklagelig at dette har skjedd.<\/p>\n<p>Det sier administrerende direkt\u00f8r Atle R\u00f8nning i Unibuss. S\u00e5 langt i 2026 har to av deres busset blitt stj\u00e5let av samme gutt, sist i forrige uke da gutten ble stanset av politiet i B\u00e6rum.<\/p>\n<p>Tidligere har gutten ogs\u00e5 stj\u00e5let en buss fra Connect Bus, som kj\u00f8rer busser for b\u00e5de Ruter og Kolumbus.<\/p>\n<p>\u2013 Derfor har vi tidligere g\u00e5tt sammen med \u00f8vrige operat\u00f8rer og Ruter i fors\u00f8k p\u00e5 \u00e5 f\u00e5 frem felles tiltak som kan hindre dette i \u00e5 skje. At det n\u00e5 likevel skjedde igjen, er sterkt beklagelig, sier han.<\/p>\n<div id=\"1.17196151.7a74eddd\" class=\"g100 col fc s10 sl12 sl18 sg6 sg9 image-reference image-reference--F11\"><!-- include: \/serum\/render?id=1.17196151&size=10&perspective=RICH&alignment=CENTER&caption=Administrerende+direkt%C3%B8r+Atle+R%C3%B8nning+i+Unibuss+er+blant+dem+som+har+opplevd+%C3%A5+bli+frastj%C3%A5let+buss.+&type=image&aspect=F11&parentSize=10 --><!-- START: \/templates\/image\/image-rich.jsp --><\/p>\n<figure class=\"image widget rich\">\n<div class=\"responsive-img F11\"><img decoding=\"async\" sizes=\"(min-width:1180px) 639px, (min-width:720px) 56vw, 100vw\" srcset=\"https:\/\/gfx.nrk.no\/XooP1YWmP48zXdfdxBmNXw88qNV3QsdQ1H6rKApBS7MA.jpg 80w, https:\/\/gfx.nrk.no\/XooP1YWmP48zXdfdxBmNXw1tbbVVilR71H6rKApBS7MA.jpg 160w, https:\/\/gfx.nrk.no\/XooP1YWmP48zXdfdxBmNXwx9snsGux7npH6rKApBS7MA.jpg 350w, https:\/\/gfx.nrk.no\/XooP1YWmP48zXdfdxBmNXwlfpWB744qDZH6rKApBS7MA.jpg 450w, https:\/\/gfx.nrk.no\/XooP1YWmP48zXdfdxBmNXw61VHdQothHtH6rKApBS7MA.jpg 650w, https:\/\/gfx.nrk.no\/XooP1YWmP48zXdfdxBmNXwY8el_LENitpH6rKApBS7MA.jpg 1000w, https:\/\/gfx.nrk.no\/XooP1YWmP48zXdfdxBmNXw9e2MKs-10OtH6rKApBS7MA.jpg 1200w, https:\/\/gfx.nrk.no\/XooP1YWmP48zXdfdxBmNXwFjD3tyDnF69H6rKApBS7MA.jpg 1600w, https:\/\/gfx.nrk.no\/XooP1YWmP48zXdfdxBmNXwgig6Qboq08FH6rKApBS7MA.jpg 2000w\" src=\"data:image\/gif;base64,R0lGODlhAQABAIAAAAAAAP\/\/\/yH5BAEAAAAALAAAAAABAAEAAAIBRAA7\" loading=\"eager\" alt=\"Adm. dir Atle R\u00f8nning, Unibuss\" title=\"Foto: Unibuss\"\/><\/div><figcaption>\n<p class=\"\">Administrerende direkt\u00f8r Atle R\u00f8nning i Unibuss er blant dem som har opplevd \u00e5 bli frastj\u00e5let buss. <\/p>\n<p><small>Foto: Unibuss<\/small><br \/>\n<\/figcaption><\/figure>\n<p><!-- END: \/templates\/image\/image-rich.jsp -->\n<\/div>\n<p>\u2013 Busser er store og tunge kj\u00f8ret\u00f8y som kan p\u00e5f\u00f8re stor skade. Vi tar det p\u00e5 st\u00f8rste alvor, politianmelder forholdet og vil s\u00f8ke nye l\u00f8sninger sammen med de andre operat\u00f8rene og Ruter.<\/p>\n<div id=\"1.17845881.b6812ba0\" class=\"g100 col fc s10 sl12 sl18 sg6 sg9 image-reference image-reference--F169\"><!-- include: \/serum\/render?id=1.17845881&size=10&perspective=RICH&alignment=CENTER&type=image&aspect=F169&parentSize=10 --><!-- START: \/templates\/image\/image-rich.jsp --><\/p>\n<figure class=\"image widget rich\">\n<div class=\"responsive-img F169\"><img decoding=\"async\" sizes=\"(min-width:1180px) 639px, (min-width:720px) 56vw, 100vw\" srcset=\"https:\/\/gfx.nrk.no\/-dYKo8WxA1RYQdnL-pplLAkRvDTPsh2DmO9Oguypm6LQ.jpg 80w, https:\/\/gfx.nrk.no\/-dYKo8WxA1RYQdnL-pplLA7pHLJJ6n9CqO9Oguypm6LQ.jpg 160w, https:\/\/gfx.nrk.no\/-dYKo8WxA1RYQdnL-pplLA-bHCiggLl7GO9Oguypm6LQ.jpg 350w, https:\/\/gfx.nrk.no\/-dYKo8WxA1RYQdnL-pplLAzt-orNmGREaO9Oguypm6LQ.jpg 450w, https:\/\/gfx.nrk.no\/-dYKo8WxA1RYQdnL-pplLAXIIRVTW_NFeO9Oguypm6LQ.jpg 650w, https:\/\/gfx.nrk.no\/-dYKo8WxA1RYQdnL-pplLAvHdTy1f9uSOO9Oguypm6LQ.jpg 1000w, https:\/\/gfx.nrk.no\/-dYKo8WxA1RYQdnL-pplLA84kOWo1nxBqO9Oguypm6LQ.jpg 1200w, https:\/\/gfx.nrk.no\/-dYKo8WxA1RYQdnL-pplLAKQFC9SqAYUaO9Oguypm6LQ.jpg 1600w, https:\/\/gfx.nrk.no\/-dYKo8WxA1RYQdnL-pplLAA0NJoC4HYUiO9Oguypm6LQ.jpg 2000w\" src=\"data:image\/gif;base64,R0lGODlhAQABAIAAAAAAAP\/\/\/yH5BAEAAAAALAAAAAABAAEAAAIBRAA7\" loading=\"eager\" alt=\"En gr\u00f8nn buss st\u00e5r i veikanten. Bildet er tilsynelatende tatt ut av et annet kj\u00f8ret\u00f8y.\" title=\"Foto: Privat \/ Privat\"\/><\/div><figcaption>\n<small>Foto: Privat \/ Privat<\/small><br \/>\n<\/figcaption><\/figure>\n<p><!-- END: \/templates\/image\/image-rich.jsp -->\n<\/div>\n<p>Selskapet \u00f8nsker ikke \u00e5 utdype hvilke tiltak som er innf\u00f8rt i frykt for at det kan bli misbrukt.<\/p>\n<p>\u2013 For ordens skyld vil jeg nevne at det trengs en viss kompetanse for \u00e5 starte en buss og kj\u00f8re denne, men det har denne mindre\u00e5rige personen tilegnet seg.<\/p>\n<h2>Busselskap har tatt grep: \u2013 S\u00e5 godt som umulig \u00e5 stjele<\/h2>\n<p>Totalt vet NRK om fire tilfeller hvor gutten har stj\u00e5let og kj\u00f8rt busser p\u00e5 norske veier.<\/p>\n<ul>\n<li><strong>November 2025:<\/strong> Buss stj\u00e5let fra Connect Bus p\u00e5 Forus i Stavanger. Han kj\u00f8rte da rundt i tre timer f\u00f8r han leverte den tilbake.<\/li>\n<li><strong>April 2026:<\/strong> Samme gutt stjeler en buss i Follo. Derfra kj\u00f8rte han helt til Sverige.<\/li>\n<li><strong>Mai 2026: <\/strong>Han stjeler og kj\u00f8rer en buss 300 kilometer fra Oslo til Kristiansand.<\/li>\n<li><strong>August 2026: <\/strong>Han kj\u00f8rer en stj\u00e5let buss fra Alnabru og blir stanset av politiet p\u00e5 E18 i B\u00e6rum.<\/li>\n<\/ul>\n<p>Kollektivselskapet Kolumbus opplevde sammen med operat\u00f8ren Connect Bus \u00e5 f\u00e5 en buss stj\u00e5let i november i fjor.<\/p>\n<p>Kommunikasjonssjef Morten Nesvik sier at det siden da er innf\u00f8rt sikringstiltak p\u00e5 omr\u00e5det som gj\u00f8r det vanskeligere \u00e5 ta seg inn p\u00e5 omr\u00e5det og starte bussene som st\u00e5r parkert p\u00e5 depotet.<\/p>\n<p>\u2013 I tillegg er det innf\u00f8rt ytterligere sikkerhetstiltak i forbindelse med de nye bussene som n\u00e5 er tatt i bruk, slik at det er s\u00e5 godt som umulig \u00e5 stjele en buss, sier han.<\/p>\n<div id=\"1.17527671.7a83055e\" class=\"g100 col fc s10 sl12 sl18 sg6 sg9 image-reference image-reference--F11\"><!-- include: \/serum\/render?id=1.17527671&size=10&perspective=RICH&alignment=CENTER&caption=Kommunikasjonssjef+Morten+Nesvik+i+kollektivselskapet+Kolumbus+sier+de+har+innf%C3%B8rt+sikkerhetstiltak+etter+busstyveri.&type=image&aspect=F11&parentSize=10 --><!-- START: \/templates\/image\/image-rich.jsp --><\/p>\n<figure class=\"image widget rich\">\n<div class=\"responsive-img F11\"><img decoding=\"async\" sizes=\"(min-width:1180px) 639px, (min-width:720px) 56vw, 100vw\" srcset=\"https:\/\/gfx.nrk.no\/bAXfNA926ONjrWwIccsf_Q6lGBOBiiWifkcK9xU9JtgA.jpg 80w, https:\/\/gfx.nrk.no\/bAXfNA926ONjrWwIccsf_QOb23PzoCydbkcK9xU9JtgA.jpg 160w, https:\/\/gfx.nrk.no\/bAXfNA926ONjrWwIccsf_Q6Lc4HE9BMK7kcK9xU9JtgA.jpg 350w, https:\/\/gfx.nrk.no\/bAXfNA926ONjrWwIccsf_QSUDOVsPbtH3kcK9xU9JtgA.jpg 450w, https:\/\/gfx.nrk.no\/bAXfNA926ONjrWwIccsf_QoAbMI0fHqx3kcK9xU9JtgA.jpg 650w, https:\/\/gfx.nrk.no\/bAXfNA926ONjrWwIccsf_QtkaCwU5E4EnkcK9xU9JtgA.jpg 1000w, https:\/\/gfx.nrk.no\/bAXfNA926ONjrWwIccsf_QopIG2Yq1kQnkcK9xU9JtgA.jpg 1200w, https:\/\/gfx.nrk.no\/bAXfNA926ONjrWwIccsf_QUel_Bk0HYyXkcK9xU9JtgA.jpg 1600w, https:\/\/gfx.nrk.no\/bAXfNA926ONjrWwIccsf_Q9NHQgPc1r47kcK9xU9JtgA.jpg 2000w\" src=\"data:image\/gif;base64,R0lGODlhAQABAIAAAAAAAP\/\/\/yH5BAEAAAAALAAAAAABAAEAAAIBRAA7\" loading=\"eager\" alt=\"Kommunikasjonsr\u00e5dgiver i Kolumbus, Morten Nesvik. \" title=\"Foto: Kolumbus\"\/><\/div><figcaption>\n<p class=\"\">Kommunikasjonssjef Morten Nesvik i kollektivselskapet Kolumbus sier de har innf\u00f8rt sikkerhetstiltak etter busstyveri.<\/p>\n<p><small>Foto: Kolumbus<\/small><br \/>\n<\/figcaption><\/figure>\n<p><!-- END: \/templates\/image\/image-rich.jsp -->\n<\/div>\n<p>Han sier at flere ansatte i operat\u00f8rselskapet har m\u00f8tt 14-\u00e5ringen tidligere. NRK erfarer at gutten skal v\u00e6re sv\u00e6rt interessert i buss.<\/p>\n<p>\u2013 Samtidig er busstyveri sv\u00e6rt alvorlig og kan v\u00e6re direkte livsfarlig, b\u00e5de for ham selv og for andre i trafikken.<\/p>\n<div id=\"1.18007364.b673141f\" class=\"g100 col fc s10 sl12 sl18 sg6 sg9 image-reference image-reference--F169\"><!-- include: \/serum\/render?id=1.18007364&size=10&perspective=RICH&alignment=CENTER&caption=En+av+flere+busser+som+gutten+har+stj%C3%A5let+de+siste+m%C3%A5nedene%3A+%E2%80%93+Det+er+sv%C3%A6rt+uheldig%2C+sterkt+beklagelig+og+farlig%2C+sier+Tom+Mathisen+i+Connect+Bus.&type=image&aspect=F169&parentSize=10 --><!-- START: \/templates\/image\/image-rich.jsp --><\/p>\n<figure class=\"image widget rich\">\n<div class=\"responsive-img F169\"><img decoding=\"async\" sizes=\"(min-width:1180px) 639px, (min-width:720px) 56vw, 100vw\" srcset=\"https:\/\/gfx.nrk.no\/vTtEOAUXQe5JtP4YpbbGKwWILhlC5TWoCZLkErMur0ZQ.png 80w, https:\/\/gfx.nrk.no\/vTtEOAUXQe5JtP4YpbbGKwxS1sMikpkTWZLkErMur0ZQ.png 160w, https:\/\/gfx.nrk.no\/vTtEOAUXQe5JtP4YpbbGKwkjxhwFZ4cXGZLkErMur0ZQ.png 350w, https:\/\/gfx.nrk.no\/vTtEOAUXQe5JtP4YpbbGKwCUcJebP_B66ZLkErMur0ZQ.png 450w, https:\/\/gfx.nrk.no\/vTtEOAUXQe5JtP4YpbbGKwpPbo83d6Pj6ZLkErMur0ZQ.png 650w, https:\/\/gfx.nrk.no\/vTtEOAUXQe5JtP4YpbbGKwmtOGd4VXprmZLkErMur0ZQ.png 1000w, https:\/\/gfx.nrk.no\/vTtEOAUXQe5JtP4YpbbGKwdqTSAeWNLTqZLkErMur0ZQ.png 1200w, https:\/\/gfx.nrk.no\/vTtEOAUXQe5JtP4YpbbGKwdnR7zghwbrKZLkErMur0ZQ.png 1600w, https:\/\/gfx.nrk.no\/vTtEOAUXQe5JtP4YpbbGKw4vQ2mFiyXB6ZLkErMur0ZQ.png 2000w\" src=\"data:image\/gif;base64,R0lGODlhAQABAIAAAAAAAP\/\/\/yH5BAEAAAAALAAAAAABAAEAAAIBRAA7\" loading=\"eager\" alt=\"14 \u00e5r gammel gutt skal ha stj\u00e5let buss\" title=\"Faksimile: Privat\"\/><\/div><figcaption>\n<p class=\"\">En av flere busser som gutten har stj\u00e5let de siste m\u00e5nedene: \u2013 Det er sv\u00e6rt uheldig, sterkt beklagelig og farlig, sier Tom Mathisen i Connect Bus.<\/p>\n<p><small>Faksimile: Privat<\/small><br \/>\n<\/figcaption><\/figure>\n<p><!-- END: \/templates\/image\/image-rich.jsp -->\n<\/div>\n<p><strong>Regiondirekt\u00f8r Tom Mathisen ved Connect Bus \u00f8st bekrefter at ogs\u00e5 de har tatt grep.<\/strong><\/p>\n<p>\u2013 Dette er veldig alvorlig og blir h\u00e5ndtert deretter, sier Mathisen.<\/p>\n<p>Han sier de har g\u00e5tt gjennom<em> alt av rutiner<\/em>.<\/p>\n<p>\u2013 Tiltakene kan jeg naturligvis ikke g\u00e5 inn p\u00e5. Men dette er blitt tatt superalvorlig fra dag \u00e9n, sier han.<\/p>\n<p><!-- include: \/serum\/render?id=1.16930046&size=18&perspective=RICH&alignment=AUTO --><!-- START: \/templates\/section\/section.jsp --><\/p>\n<p><!-- END: \/templates\/section\/section.jsp -->\n<\/div>\n<p>\n<span class=\"article-publish-date publish-date \"><br \/>\n<span class=\"article-dateline-annotation\">Publisert<\/span><br \/>\n<time class=\"datetime-absolute datePublished\" datetime=\"2026-09-03T10:20:43+02:00\"><br \/>\n03.09.2026, kl. 10.20<br \/>\n<\/time><br \/>\n<\/span>\n<\/p>\n<p><br \/>\n<br \/><a href=\"https:\/\/www.nrk.no\/rogaland\/14-aring-fortsetter-a-stjele-busser-_-selskap-ma-ta-grep-1.18010105\">Kildelink <\/a><\/p>","protected":false},"excerpt":{"rendered":"<p>\u2013 Det er sv\u00e6rt beklagelig at dette har skjedd. Det sier administrerende direkt\u00f8r Atle R\u00f8nning i Unibuss. S\u00e5 langt i 2026 har to av deres busset blitt stj\u00e5let av samme gutt, sist i forrige uke da gutten ble stanset av politiet i B\u00e6rum. Tidligere har gutten ogs\u00e5 stj\u00e5let en buss fra Connect Bus, som kj\u00f8rer [&hellip;]<\/p>","protected":false},"author":1,"featured_media":20621,"comment_status":"","ping_status":"","sticky":false,"template":"","format":"standard","meta":{"footnotes":""},"categories":[108],"tags":[],"tmauthors":[],"class_list":["post-20620","post","type-post","status-publish","format-standard","has-post-thumbnail","category-lokalnyheter"],"_links":{"self":[{"href":"https:\/\/radiostavanger.no\/index.php?rest_route=\/wp\/v2\/posts\/20620","targetHints":{"allow":["GET"]}}],"collection":[{"href":"https:\/\/radiostavanger.no\/index.php?rest_route=\/wp\/v2\/posts"}],"about":[{"href":"https:\/\/radiostavanger.no\/index.php?rest_route=\/wp\/v2\/types\/post"}],"author":[{"embeddable":true,"href":"https:\/\/radiostavanger.no\/index.php?rest_route=\/wp\/v2\/users\/1"}],"replies":[{"embeddable":true,"href":"https:\/\/radiostavanger.no\/index.php?rest_route=%2Fwp%2Fv2%2Fcomments&post=20620"}],"version-history":[{"count":0,"href":"https:\/\/radiostavanger.no\/index.php?rest_route=\/wp\/v2\/posts\/20620\/revisions"}],"wp:featuredmedia":[{"embeddable":true,"href":"https:\/\/radiostavanger.no\/index.php?rest_route=\/wp\/v2\/media\/20621"}],"wp:attachment":[{"href":"https:\/\/radiostavanger.no\/index.php?rest_route=%2Fwp%2Fv2%2Fmedia&parent=20620"}],"wp:term":[{"taxonomy":"category","embeddable":true,"href":"https:\/\/radiostavanger.no\/index.php?rest_route=%2Fwp%2Fv2%2Fcategories&post=20620"},{"taxonomy":"post_tag","embeddable":true,"href":"https:\/\/radiostavanger.no\/index.php?rest_route=%2Fwp%2Fv2%2Ftags&post=20620"},{"taxonomy":"tmauthors","embeddable":true,"href":"https:\/\/radiostavanger.no\/index.php?rest_route=%2Fwp%2Fv2%2Ftmauthors&post=20620"}],"curies":[{"name":"wp","href":"https:\/\/api.w.org\/{rel}","templated":true}]}}