{"id":20624,"date":"2026-09-03T08:56:04","date_gmt":"2026-09-03T08:56:04","guid":{"rendered":"https:\/\/radiostavanger.no\/?p=20624"},"modified":"2026-09-03T08:56:04","modified_gmt":"2026-09-03T08:56:04","slug":"stord-stotter-100-km-t-pa-nye-e39-radio-stavanger","status":"publish","type":"post","link":"https:\/\/radiostavanger.no\/?p=20624","title":{"rendered":"Stord st\u00f8tter 100 km\/t p\u00e5 nye E39 \u2013 Radio Stavanger"},"content":{"rendered":"<p><br \/>\n<\/p>\n<div id=\"mvp-content-main\">\n<p class=\"radioh-ingress\"><strong>Stord kommune st\u00f8tter forslaget om \u00e5 redusere planlagt fartsgrense p\u00e5 nye E39 mellom Stord og Os fra 110 til 100 km\/t. Kommunen mener det vil redusere kostnadene uten \u00e5 p\u00e5virke reisetiden vesentlig.<\/strong>\n<\/p>\n<p><b>Hordfast:<\/b> Formannskapet i Stord vedtok onsdag kommunens uttalelse til detaljreguleringen av E39 mellom Stord og Os.\n<\/p>\n<p>\u2013 Partiet mitt er enig i at det er et klokt grep \u00e5 ta ned fartsgrensen fra 110 til 100 km\/t, sier Gaute Straume Epland (Ap), if\u00f8lge Sunnhordland.\n<\/p>\n<p>Kommunedirekt\u00f8ren mener l\u00f8sningen kan gj\u00f8re prosjektet rimeligere og samtidig gj\u00f8re det enklere \u00e5 tilpasse infrastrukturen til andre hensyn.\n<\/p>\n<p>\u2013 Dette er etter v\u00e5rt syn en god l\u00f8sning som reduserer kostnad og gj\u00f8r det lettere \u00e5 tilpasse en framtidsrettet infrastruktur opp mot andre hensyn, uten at det i nevneverdig grad g\u00e5r utover reisetid, heter det i innstillingen.<\/p>\n<h4>Vil fortsatt ha ferjefri E39<\/h4>\n<p>Ordf\u00f8rer Sigbj\u00f8rn Framnes (Frp) viser til at n\u00e6ringslivet mener god infrastruktur og ferjefri E39 er avgj\u00f8rende for framtidig omstilling og utvikling i regionen.\n<\/p>\n<p>SVs Hilde Hauglid \u00f8nsket p\u00e5 sin side at hele reguleringsplanen skulle skrinlegges.\n<\/p>\n<p>\u2013 Det er p\u00e5 tide \u00e5 si ha det bra til Hordfast, og se det som en del av fortiden og ikke framtiden, sa Hauglid.\n<\/p>\n<p>Forslaget fikk ikke flertall.\n<\/p>\n<h4>Etterlyser tiltak for hjort<\/h4>\n<p>Stord kommune kommer ogs\u00e5 med flere konkrete innspill til reguleringsplanen.<\/p>\n<p>Kommunen \u00f8nsker blant annet tydelige krav til hvordan matjord skal tas vare p\u00e5 under anleggsarbeidene, slik at jorda kan brukes igjen etterp\u00e5.\n<\/p>\n<p>Det etterlyses ogs\u00e5 bedre l\u00f8sninger for hjortevilt. Kommunen viser til at det er planlagt krysningspunkter for hjort p\u00e5 Tysnes, men ikke p\u00e5 Stord.\n<\/p>\n<p>Stord frykter at den nye veien kan f\u00f8re til flere trafikkulykker og redusere tilgangen til viktige trekkveier, og ber derfor om at viltunderganger eller andre tiltak blir vurdert.\n<\/p>\n<h4>Ikke med i Nasjonal transportplan<\/h4>\n<p>Hordfast er ikke tatt inn i Nasjonal transportplan for perioden 2025\u20132036.\n<\/p>\n<p>Regjeringen har tidligere vist til at prosjektet vil kreve mer enn 30 milliarder kroner i statlige midler og dermed legge beslag p\u00e5 en betydelig del av pengene som er tilgjengelige til nye veiprosjekter.<\/p>\n<p>Hordfast ligger likevel i den s\u00e5kalte utviklingsportef\u00f8ljen, og reguleringsarbeidet kan derfor fortsette.\n<\/p>\n<p>Planen gjelder strekningen fra \u00c5dland p\u00e5 Stord til Svegatj\u00f8rn ved Os, med nye veier, tunneler og bruer \u2013 inkludert den planlagte brua over Bj\u00f8rnafjorden.\n<\/p>\n<p>Reguleringsplanen er p\u00e5 h\u00f8ring fram til 1. oktober.\n<\/p>\n<\/p><\/div>\n<p><script async defer crossorigin=\"anonymous\" data-lazy=\"w3tc\" data-src=\"https:\/\/connect.facebook.net\/nb_NO\/sdk.js#xfbml=1&#038;version=v18.0\"><\/script><br \/>\n<br \/><br \/>\n<br \/><a href=\"https:\/\/radioh.no\/stord-stotter-100-km-t-pa-nye-e39\/\">Kilde <\/a><\/p>","protected":false},"excerpt":{"rendered":"<p>Stord kommune st\u00f8tter forslaget om \u00e5 redusere planlagt fartsgrense p\u00e5 nye E39 mellom Stord og Os fra 110 til 100 km\/t. Kommunen mener det vil redusere kostnadene uten \u00e5 p\u00e5virke reisetiden vesentlig. Hordfast: Formannskapet i Stord vedtok onsdag kommunens uttalelse til detaljreguleringen av E39 mellom Stord og Os. \u2013 Partiet mitt er enig i at [&hellip;]<\/p>","protected":false},"author":1,"featured_media":20625,"comment_status":"","ping_status":"","sticky":false,"template":"","format":"standard","meta":{"footnotes":""},"categories":[107],"tags":[],"tmauthors":[],"class_list":["post-20624","post","type-post","status-publish","format-standard","has-post-thumbnail","category-nyheter"],"_links":{"self":[{"href":"https:\/\/radiostavanger.no\/index.php?rest_route=\/wp\/v2\/posts\/20624","targetHints":{"allow":["GET"]}}],"collection":[{"href":"https:\/\/radiostavanger.no\/index.php?rest_route=\/wp\/v2\/posts"}],"about":[{"href":"https:\/\/radiostavanger.no\/index.php?rest_route=\/wp\/v2\/types\/post"}],"author":[{"embeddable":true,"href":"https:\/\/radiostavanger.no\/index.php?rest_route=\/wp\/v2\/users\/1"}],"replies":[{"embeddable":true,"href":"https:\/\/radiostavanger.no\/index.php?rest_route=%2Fwp%2Fv2%2Fcomments&post=20624"}],"version-history":[{"count":0,"href":"https:\/\/radiostavanger.no\/index.php?rest_route=\/wp\/v2\/posts\/20624\/revisions"}],"wp:featuredmedia":[{"embeddable":true,"href":"https:\/\/radiostavanger.no\/index.php?rest_route=\/wp\/v2\/media\/20625"}],"wp:attachment":[{"href":"https:\/\/radiostavanger.no\/index.php?rest_route=%2Fwp%2Fv2%2Fmedia&parent=20624"}],"wp:term":[{"taxonomy":"category","embeddable":true,"href":"https:\/\/radiostavanger.no\/index.php?rest_route=%2Fwp%2Fv2%2Fcategories&post=20624"},{"taxonomy":"post_tag","embeddable":true,"href":"https:\/\/radiostavanger.no\/index.php?rest_route=%2Fwp%2Fv2%2Ftags&post=20624"},{"taxonomy":"tmauthors","embeddable":true,"href":"https:\/\/radiostavanger.no\/index.php?rest_route=%2Fwp%2Fv2%2Ftmauthors&post=20624"}],"curies":[{"name":"wp","href":"https:\/\/api.w.org\/{rel}","templated":true}]}}