{"id":20646,"date":"2026-09-03T10:17:02","date_gmt":"2026-09-03T10:17:02","guid":{"rendered":"https:\/\/radiostavanger.no\/?p=20646"},"modified":"2026-09-03T10:17:02","modified_gmt":"2026-09-03T10:17:02","slug":"mann-skutt-i-brystet-i-tonsberg-ringte-selv-etter-ambulanse-radio-stavanger","status":"publish","type":"post","link":"https:\/\/radiostavanger.no\/?p=20646","title":{"rendered":"Mann skutt i brystet i T\u00f8nsberg \u2013 ringte selv etter ambulanse \u2013 Radio Stavanger"},"content":{"rendered":"<p><br \/>\n<\/p>\n<div id=\"mvp-content-main\">\n<p class=\"radioh-ingress\"><strong>En mann er skutt i brystet i T\u00f8nsberg. Han er alvorlig skadet, men tilstanden beskrives som stabil, opplyser politiet. Ingen er p\u00e5grepet i saken.<\/strong>\n<\/p>\n<p><strong>Innenriks<\/strong>: Mannen ringte selv til AMK klokken 1.30 og opplyste at han var skutt. Han ble deretter brakt til traumemottaket ved Sykehuset i Vestfold. Derfra ble han sendt videre til sykehus i Oslo.\n<\/p>\n<p>\u2013 Han er fl\u00f8yet med luftambulanse til Ullev\u00e5l sykehus, opplyser operasjonsleder St\u00e5le Fuglaas i S\u00f8r\u00f8st politidistrikt til NTB like etter klokken 4 natt til torsdag. Tilstanden hans skal v\u00e6re alvorlig, men stabil.\n<\/p>\n<p>Til T\u00f8nsbergs Blad opplyser operasjonslederen i morgentimene at de ikke er bekymret for at hendelsen videre vil utgj\u00f8re noen fare for allmennheten.\n<\/p>\n<p>\u2013 Han er kjent av politiet fra tidligere, sier Fuglaas.<\/p>\n<h2>Ingen mistenkte<\/h2>\n<p>\nPolitiadvokat Ann Ir\u00e9n Svane Mathiassen opplyser i 11.30-tiden torsdag at mannen fortsatt er innlagt p\u00e5 sykehus.\n<\/p>\n<p>\u2013 Forel\u00f8pig har vi ikke noe mer \u00e5 si om hendelsesforl\u00f8pet, vi har ikke f\u00e5tt avh\u00f8rt forn\u00e6rmede, sier Mathiassen til NTB.\n<\/p>\n<p>Hun vet ikke n\u00e5r de vil f\u00e5 muligheten til et avh\u00f8r av mannen.\n<\/p>\n<p>Politiet har ingen mistenkte i saken.\n<\/p>\n<p>\u2013 Per n\u00e5 jobber vi bredt med teorier og hypoteser som at det kan v\u00e6re en ukjent gjerningsmann og at det kan v\u00e6re selvp\u00e5f\u00f8rt, sier politiadvokaten.<\/p>\n<p>Politiet har opplyst at det er for tidlig \u00e5 si hva slags v\u00e5pen som er brukt.\n<\/p>\n<h2>Sperret av omr\u00e5de<\/h2>\n<p>\nPolitiet opplyste tidlig at de ikke hadde funnet et \u00e5sted. Et betydelig antall politipatruljer ble satt inn i et omr\u00e5de for \u00e5 samle inn opplysninger og gjennomf\u00f8re tekniske unders\u00f8kelser.\n<\/p>\n<p>Mathiassen sier at de har sperret av et omr\u00e5de i Messeomr\u00e5det i T\u00f8nsberg.\n<\/p>\n<p>\u2013 Basert p\u00e5 opplysninger vi har, har vi sperret av et omr\u00e5de. Krimteknisk har ikke startet i det omr\u00e5det enn\u00e5. Vi er \u00e5pne for at det kan ha skjedd andre steder ogs\u00e5, sier Mathiassen.\n<\/p>\n<p>Politiet ber personer som har h\u00f8rt smell eller skudd ved Messeomr\u00e5det p\u00e5 Eik eller T\u00f8nsberg sentrum mellom midnatt og klokken 1.45 om \u00e5 ta kontakt.<\/p>\n<p>(\u00a9NTB)\n<\/p>\n<\/p><\/div>\n<p><script async defer crossorigin=\"anonymous\" data-lazy=\"w3tc\" data-src=\"https:\/\/connect.facebook.net\/nb_NO\/sdk.js#xfbml=1&#038;version=v18.0\"><\/script><br \/>\n<br \/><br \/>\n<br \/><a href=\"https:\/\/radioh.no\/mann-skutt-i-brystet-i-tonsberg-ringte-selv-etter-ambulanse\/\">Kilde <\/a><\/p>","protected":false},"excerpt":{"rendered":"<p>En mann er skutt i brystet i T\u00f8nsberg. Han er alvorlig skadet, men tilstanden beskrives som stabil, opplyser politiet. Ingen er p\u00e5grepet i saken. Innenriks: Mannen ringte selv til AMK klokken 1.30 og opplyste at han var skutt. Han ble deretter brakt til traumemottaket ved Sykehuset i Vestfold. Derfra ble han sendt videre til sykehus [&hellip;]<\/p>","protected":false},"author":1,"featured_media":20647,"comment_status":"","ping_status":"","sticky":false,"template":"","format":"standard","meta":{"footnotes":""},"categories":[107],"tags":[],"tmauthors":[],"class_list":["post-20646","post","type-post","status-publish","format-standard","has-post-thumbnail","category-nyheter"],"_links":{"self":[{"href":"https:\/\/radiostavanger.no\/index.php?rest_route=\/wp\/v2\/posts\/20646","targetHints":{"allow":["GET"]}}],"collection":[{"href":"https:\/\/radiostavanger.no\/index.php?rest_route=\/wp\/v2\/posts"}],"about":[{"href":"https:\/\/radiostavanger.no\/index.php?rest_route=\/wp\/v2\/types\/post"}],"author":[{"embeddable":true,"href":"https:\/\/radiostavanger.no\/index.php?rest_route=\/wp\/v2\/users\/1"}],"replies":[{"embeddable":true,"href":"https:\/\/radiostavanger.no\/index.php?rest_route=%2Fwp%2Fv2%2Fcomments&post=20646"}],"version-history":[{"count":0,"href":"https:\/\/radiostavanger.no\/index.php?rest_route=\/wp\/v2\/posts\/20646\/revisions"}],"wp:featuredmedia":[{"embeddable":true,"href":"https:\/\/radiostavanger.no\/index.php?rest_route=\/wp\/v2\/media\/20647"}],"wp:attachment":[{"href":"https:\/\/radiostavanger.no\/index.php?rest_route=%2Fwp%2Fv2%2Fmedia&parent=20646"}],"wp:term":[{"taxonomy":"category","embeddable":true,"href":"https:\/\/radiostavanger.no\/index.php?rest_route=%2Fwp%2Fv2%2Fcategories&post=20646"},{"taxonomy":"post_tag","embeddable":true,"href":"https:\/\/radiostavanger.no\/index.php?rest_route=%2Fwp%2Fv2%2Ftags&post=20646"},{"taxonomy":"tmauthors","embeddable":true,"href":"https:\/\/radiostavanger.no\/index.php?rest_route=%2Fwp%2Fv2%2Ftmauthors&post=20646"}],"curies":[{"name":"wp","href":"https:\/\/api.w.org\/{rel}","templated":true}]}}