{"id":20654,"date":"2026-09-03T10:41:58","date_gmt":"2026-09-03T10:41:58","guid":{"rendered":"https:\/\/radiostavanger.no\/?p=20654"},"modified":"2026-09-03T10:41:58","modified_gmt":"2026-09-03T10:41:58","slug":"feministikonet-gloria-steinem-er-dod-radio-stavanger","status":"publish","type":"post","link":"https:\/\/radiostavanger.no\/?p=20654","title":{"rendered":"Feministikonet Gloria Steinem er d\u00f8d \u2013 Radio Stavanger"},"content":{"rendered":"<p><br \/>\n<\/p>\n<div id=\"mvp-content-main\">\n<p class=\"radioh-ingress\"><strong>Den amerikanske journalisten, forfatteren og politiske aktivisten Gloria Steinem er d\u00f8d, 92 \u00e5r gammel, opplyser hennes stiftelse i sosiale medier.<\/strong>\n<\/p>\n<p><strong>Utenriks<\/strong>: \u2013 Gloria Steinem gikk fredfullt bort i hjemmet sitt i New York i g\u00e5r, omkranset av noen av de mange som elsket henne, skriver stiftelsen i en melding p\u00e5 Instagram torsdag.\n<\/p>\n<p>Steinem fortsatte \u00e5 kjempe for likestilling helt til det siste, heter det videre.\n<\/p>\n<p>Hun var en av pion\u00e9rene i den nye kvinnebevegelsen i USA p\u00e5 slutten av 1960- og begynnelsen av 1970-\u00e5rene, if\u00f8lge Store norske leksikon.\n<\/p>\n<p>I 1972 var hun med p\u00e5 \u00e5 grunnlegge feministmagasinet Ms., der hun var redakt\u00f8r i 15 \u00e5r. Magasinet gjorde feminisme og kvinnebevegelsens arbeid allment tilgjengelig i USA.<\/p>\n<p>Hun ble en frontfigur i den amerikanske feministbevegelsen og har ogs\u00e5 v\u00e6rt med p\u00e5 \u00e5 grunnlegge kvinne- og feministorganisasjoner i en rekke land. I tillegg har hun skrevet en rekke b\u00f8ker, deriblant en biografi om Marilyn Monroe.\n<\/p>\n<p>Steinem var ogs\u00e5 fredsaktivist og engasjerte seg i protestene mot Vietnamkrigen, og p\u00e5 1980-tallet ble hun p\u00e5grepet da hun deltok i en demonstrasjon mot apartheid utenfor S\u00f8r-Afrikas ambassade.\n<\/p>\n<p>Hun har vunnet en lang rekke priser og utmerkelser, og i 2013 fikk hun Presidentens frihetsmedalje av Barack Obama.\n<\/p>\n<p>Livet hennes er blant annet dramatisert i TV-serien \u00abMrs. America\u00bb i 2020 og i filmen \u00abThe Glorias\u00bb samme \u00e5r. Nylig utkom Steinems memoarer, med tittelen \u00abAn Unexpected Life\u00bb.\n<\/p>\n<p>(\u00a9NTB)<\/p>\n<\/p><\/div>\n<p><script async defer crossorigin=\"anonymous\" data-lazy=\"w3tc\" data-src=\"https:\/\/connect.facebook.net\/nb_NO\/sdk.js#xfbml=1&#038;version=v18.0\"><\/script><script async src=\"\/\/www.instagram.com\/embed.js\"><\/script><br \/>\n<br \/><br \/>\n<br \/><a href=\"https:\/\/radioh.no\/feministikonet-gloria-steinem-er-dod\/\">Kilde <\/a><\/p>","protected":false},"excerpt":{"rendered":"<p>Den amerikanske journalisten, forfatteren og politiske aktivisten Gloria Steinem er d\u00f8d, 92 \u00e5r gammel, opplyser hennes stiftelse i sosiale medier. Utenriks: \u2013 Gloria Steinem gikk fredfullt bort i hjemmet sitt i New York i g\u00e5r, omkranset av noen av de mange som elsket henne, skriver stiftelsen i en melding p\u00e5 Instagram torsdag. Steinem fortsatte \u00e5 [&hellip;]<\/p>","protected":false},"author":1,"featured_media":20655,"comment_status":"","ping_status":"","sticky":false,"template":"","format":"standard","meta":{"footnotes":""},"categories":[107],"tags":[],"tmauthors":[],"class_list":["post-20654","post","type-post","status-publish","format-standard","has-post-thumbnail","category-nyheter"],"_links":{"self":[{"href":"https:\/\/radiostavanger.no\/index.php?rest_route=\/wp\/v2\/posts\/20654","targetHints":{"allow":["GET"]}}],"collection":[{"href":"https:\/\/radiostavanger.no\/index.php?rest_route=\/wp\/v2\/posts"}],"about":[{"href":"https:\/\/radiostavanger.no\/index.php?rest_route=\/wp\/v2\/types\/post"}],"author":[{"embeddable":true,"href":"https:\/\/radiostavanger.no\/index.php?rest_route=\/wp\/v2\/users\/1"}],"replies":[{"embeddable":true,"href":"https:\/\/radiostavanger.no\/index.php?rest_route=%2Fwp%2Fv2%2Fcomments&post=20654"}],"version-history":[{"count":0,"href":"https:\/\/radiostavanger.no\/index.php?rest_route=\/wp\/v2\/posts\/20654\/revisions"}],"wp:featuredmedia":[{"embeddable":true,"href":"https:\/\/radiostavanger.no\/index.php?rest_route=\/wp\/v2\/media\/20655"}],"wp:attachment":[{"href":"https:\/\/radiostavanger.no\/index.php?rest_route=%2Fwp%2Fv2%2Fmedia&parent=20654"}],"wp:term":[{"taxonomy":"category","embeddable":true,"href":"https:\/\/radiostavanger.no\/index.php?rest_route=%2Fwp%2Fv2%2Fcategories&post=20654"},{"taxonomy":"post_tag","embeddable":true,"href":"https:\/\/radiostavanger.no\/index.php?rest_route=%2Fwp%2Fv2%2Ftags&post=20654"},{"taxonomy":"tmauthors","embeddable":true,"href":"https:\/\/radiostavanger.no\/index.php?rest_route=%2Fwp%2Fv2%2Ftmauthors&post=20654"}],"curies":[{"name":"wp","href":"https:\/\/api.w.org\/{rel}","templated":true}]}}