{"id":20661,"date":"2026-09-03T11:01:13","date_gmt":"2026-09-03T11:01:13","guid":{"rendered":"https:\/\/radiostavanger.no\/?p=20661"},"modified":"2026-09-03T11:01:13","modified_gmt":"2026-09-03T11:01:13","slug":"frykter-rosemangel-fjerner-toll-fram-til-kong-haralds-gravferd-radio-stavanger","status":"publish","type":"post","link":"https:\/\/radiostavanger.no\/?p=20661","title":{"rendered":"Frykter rosemangel \u2013 fjerner toll fram til kong Haralds gravferd \u2013 Radio Stavanger"},"content":{"rendered":"<p><br \/>\n<\/p>\n<div id=\"mvp-content-main\">\n<p class=\"radioh-ingress\"><strong>Landbruksdirektoratet tar grep som f\u00f8lge av ettersp\u00f8rselen etter roser i forbindelse med kong Haralds d\u00f8d og den kommende gravferden.<\/strong>\n<\/p>\n<p><strong>Innenriks<\/strong>: P\u00e5 grunn av en akutt rosemangel har Landbruksdirektoratet fjernet tollen p\u00e5 roser frem til 8. september, skriver Nationen.\n<\/p>\n<p>\u00c5rsaken til mangelen er en delvis streik p\u00e5 hovedflyplassen i Nairobi, Jomo Kenyatta internasjonale lufthavn, forklarer administrerende direkt\u00f8r i Mester Gr\u00f8nn Erling \u00d8lstad til avisen.\n<\/p>\n<p>Rosene p\u00e5 det norske markedet importeres stort sett fra det afrikanske kontinentet, skriver avisen videre.\n<\/p>\n<p>Ettersom det n\u00e5 er forsinkelser i forsyningslinjen p\u00e5 grunn av den delvise streiken, er l\u00f8sningen \u00e5 importere roser fra det europeiske auksjonsmarkedet i Nederland.<\/p>\n<p>Et midlertidig fritak i tollen gj\u00f8r denne krisel\u00f8sningen mer \u00f8konomisk spiselig for import\u00f8rene.\n<\/p>\n<p>If\u00f8lge Nationen er ettersp\u00f8rselen etter blomster stor som f\u00f8lge av kong Haralds d\u00f8d og gravferden hans 9. september.\n<\/p>\n<p>(\u00a9NTB)\n<\/p>\n<\/p><\/div>\n<p><script async defer crossorigin=\"anonymous\" data-lazy=\"w3tc\" data-src=\"https:\/\/connect.facebook.net\/nb_NO\/sdk.js#xfbml=1&#038;version=v18.0\"><\/script><br \/>\n<br \/><br \/>\n<br \/><a href=\"https:\/\/radioh.no\/frykter-rosemangel-fjerner-toll-fram-til-kong-haralds-gravferd\/\">Kilde <\/a><\/p>","protected":false},"excerpt":{"rendered":"<p>Landbruksdirektoratet tar grep som f\u00f8lge av ettersp\u00f8rselen etter roser i forbindelse med kong Haralds d\u00f8d og den kommende gravferden. Innenriks: P\u00e5 grunn av en akutt rosemangel har Landbruksdirektoratet fjernet tollen p\u00e5 roser frem til 8. september, skriver Nationen. \u00c5rsaken til mangelen er en delvis streik p\u00e5 hovedflyplassen i Nairobi, Jomo Kenyatta internasjonale lufthavn, forklarer administrerende [&hellip;]<\/p>","protected":false},"author":1,"featured_media":20662,"comment_status":"","ping_status":"","sticky":false,"template":"","format":"standard","meta":{"footnotes":""},"categories":[107],"tags":[],"tmauthors":[],"class_list":["post-20661","post","type-post","status-publish","format-standard","has-post-thumbnail","category-nyheter"],"_links":{"self":[{"href":"https:\/\/radiostavanger.no\/index.php?rest_route=\/wp\/v2\/posts\/20661","targetHints":{"allow":["GET"]}}],"collection":[{"href":"https:\/\/radiostavanger.no\/index.php?rest_route=\/wp\/v2\/posts"}],"about":[{"href":"https:\/\/radiostavanger.no\/index.php?rest_route=\/wp\/v2\/types\/post"}],"author":[{"embeddable":true,"href":"https:\/\/radiostavanger.no\/index.php?rest_route=\/wp\/v2\/users\/1"}],"replies":[{"embeddable":true,"href":"https:\/\/radiostavanger.no\/index.php?rest_route=%2Fwp%2Fv2%2Fcomments&post=20661"}],"version-history":[{"count":0,"href":"https:\/\/radiostavanger.no\/index.php?rest_route=\/wp\/v2\/posts\/20661\/revisions"}],"wp:featuredmedia":[{"embeddable":true,"href":"https:\/\/radiostavanger.no\/index.php?rest_route=\/wp\/v2\/media\/20662"}],"wp:attachment":[{"href":"https:\/\/radiostavanger.no\/index.php?rest_route=%2Fwp%2Fv2%2Fmedia&parent=20661"}],"wp:term":[{"taxonomy":"category","embeddable":true,"href":"https:\/\/radiostavanger.no\/index.php?rest_route=%2Fwp%2Fv2%2Fcategories&post=20661"},{"taxonomy":"post_tag","embeddable":true,"href":"https:\/\/radiostavanger.no\/index.php?rest_route=%2Fwp%2Fv2%2Ftags&post=20661"},{"taxonomy":"tmauthors","embeddable":true,"href":"https:\/\/radiostavanger.no\/index.php?rest_route=%2Fwp%2Fv2%2Ftmauthors&post=20661"}],"curies":[{"name":"wp","href":"https:\/\/api.w.org\/{rel}","templated":true}]}}