{"id":20673,"date":"2026-09-03T12:14:57","date_gmt":"2026-09-03T12:14:57","guid":{"rendered":"https:\/\/radiostavanger.no\/?p=20673"},"modified":"2026-09-03T12:14:57","modified_gmt":"2026-09-03T12:14:57","slug":"udi-legger-ned-ytterligere-sju-mottak-radio-stavanger","status":"publish","type":"post","link":"https:\/\/radiostavanger.no\/?p=20673","title":{"rendered":"UDI legger ned ytterligere sju mottak \u2013 Radio Stavanger"},"content":{"rendered":"<p><br \/>\n<\/p>\n<div id=\"mvp-content-main\">\n<p class=\"radioh-ingress\"><strong>Utlendingsdirektoratet har lagt ned til sammen 14 asylmottak med totalt 2137 pasienter.<\/strong>\n<\/p>\n<p><strong>Innenriks<\/strong>: Mandag ble det klart at Utlendingsdirektoratet (UDI) legger ned sju mottak. N\u00e5 har de bestemt at ytterligere sju mottak skal legges ned.\n<\/p>\n<p>\u00c5rsaken til nedleggelsene er at det er kommet f\u00e6rre asyls\u00f8kere til Norge enn det som var planlagt for.\n<\/p>\n<p>Det har ankommet like mange ukrainere som forutsatt, men det har kommet vesentlig f\u00e6rre asyls\u00f8kere fra andre land, skriver direktoratet.\n<\/p>\n<p>Mottakene som legges ned, er spredt over hele landet.<\/p>\n<p>\u2013 UDI er en beredskapsorganisasjon som m\u00e5 bygge kapasitet raskt opp og raskt ned, alt etter hvor store ankomstene er. I tillegg er det heller ikke \u00f8konomisk b\u00e6rekraftig \u00e5 ha mange plasser st\u00e5ende tomme, sier direkt\u00f8r for mottak og retur i UDI, Heidi Bottolfs.\n<\/p>\n<p>Hun sier hun har forst\u00e5else for at nedlegging av mottak kan oppleves krevende for beboere, driftsoperat\u00f8rer, ansatte og kommuner.\n<\/p>\n<p>(\u00a9NTB)\n<\/p>\n<\/p><\/div>\n<p><script async defer crossorigin=\"anonymous\" data-lazy=\"w3tc\" data-src=\"https:\/\/connect.facebook.net\/nb_NO\/sdk.js#xfbml=1&#038;version=v18.0\"><\/script><br \/>\n<br \/><br \/>\n<br \/><a href=\"https:\/\/radioh.no\/udi-legger-ned-ytterligere-sju-mottak\/\">Kilde <\/a><\/p>","protected":false},"excerpt":{"rendered":"<p>Utlendingsdirektoratet har lagt ned til sammen 14 asylmottak med totalt 2137 pasienter. Innenriks: Mandag ble det klart at Utlendingsdirektoratet (UDI) legger ned sju mottak. N\u00e5 har de bestemt at ytterligere sju mottak skal legges ned. \u00c5rsaken til nedleggelsene er at det er kommet f\u00e6rre asyls\u00f8kere til Norge enn det som var planlagt for. Det har [&hellip;]<\/p>","protected":false},"author":1,"featured_media":20674,"comment_status":"","ping_status":"","sticky":false,"template":"","format":"standard","meta":{"footnotes":""},"categories":[107],"tags":[],"tmauthors":[],"class_list":["post-20673","post","type-post","status-publish","format-standard","has-post-thumbnail","category-nyheter"],"_links":{"self":[{"href":"https:\/\/radiostavanger.no\/index.php?rest_route=\/wp\/v2\/posts\/20673","targetHints":{"allow":["GET"]}}],"collection":[{"href":"https:\/\/radiostavanger.no\/index.php?rest_route=\/wp\/v2\/posts"}],"about":[{"href":"https:\/\/radiostavanger.no\/index.php?rest_route=\/wp\/v2\/types\/post"}],"author":[{"embeddable":true,"href":"https:\/\/radiostavanger.no\/index.php?rest_route=\/wp\/v2\/users\/1"}],"replies":[{"embeddable":true,"href":"https:\/\/radiostavanger.no\/index.php?rest_route=%2Fwp%2Fv2%2Fcomments&post=20673"}],"version-history":[{"count":0,"href":"https:\/\/radiostavanger.no\/index.php?rest_route=\/wp\/v2\/posts\/20673\/revisions"}],"wp:featuredmedia":[{"embeddable":true,"href":"https:\/\/radiostavanger.no\/index.php?rest_route=\/wp\/v2\/media\/20674"}],"wp:attachment":[{"href":"https:\/\/radiostavanger.no\/index.php?rest_route=%2Fwp%2Fv2%2Fmedia&parent=20673"}],"wp:term":[{"taxonomy":"category","embeddable":true,"href":"https:\/\/radiostavanger.no\/index.php?rest_route=%2Fwp%2Fv2%2Fcategories&post=20673"},{"taxonomy":"post_tag","embeddable":true,"href":"https:\/\/radiostavanger.no\/index.php?rest_route=%2Fwp%2Fv2%2Ftags&post=20673"},{"taxonomy":"tmauthors","embeddable":true,"href":"https:\/\/radiostavanger.no\/index.php?rest_route=%2Fwp%2Fv2%2Ftmauthors&post=20673"}],"curies":[{"name":"wp","href":"https:\/\/api.w.org\/{rel}","templated":true}]}}