{"id":20702,"date":"2026-09-03T14:26:23","date_gmt":"2026-09-03T14:26:23","guid":{"rendered":"https:\/\/radiostavanger.no\/?p=20702"},"modified":"2026-09-03T14:26:23","modified_gmt":"2026-09-03T14:26:23","slug":"ga-seg-selv-mini-utfordringer-i-kamper-radio-stavanger","status":"publish","type":"post","link":"https:\/\/radiostavanger.no\/?p=20702","title":{"rendered":"Ga seg selv \u00abmini-utfordringer\u00bb i kamper \u2013 Radio Stavanger"},"content":{"rendered":"<p><br \/>\n<\/p>\n<div id=\"mvp-content-main\">\n<p class=\"radioh-ingress\"><strong>Tidligere Premier League-dommer Mike Dean r\u00f8per at han \u00abfor g\u00f8y\u00bb utfordret seg selv p\u00e5 hvor lenge han kunne la v\u00e6re \u00e5 bl\u00e5se i fl\u00f8yta eller oppholde seg i midtsirkelen.<\/strong>\n<\/p>\n<p><strong>Sport<\/strong>: Innr\u00f8mmelsene kommer i en ny utgave av spisslegenden Jamie Vardys podkast, der Dean er gjest.\n<\/p>\n<p>Dommertoppen sier at han pleide \u00e5 gi seg selv mini-utfordringer under kampene for \u00e5 ha det g\u00f8y.\n<\/p>\n<p>\u2013 Vi pleide \u00e5 si \u00abn\u00e5 er det kampstart. OK, la oss se hvor lenge vi kan klare oss uten \u00e5 bl\u00e5se i fl\u00f8yta\u00bb, sier Dean.\n<\/p>\n<p>Uttalelsen er gjengitt av blant andre BBC.<\/p>\n<p>\u2013 Jeg har gjort det et par ganger i Premier League, \u00e5penbart f\u00f8r VAR, og da gikk det 20 til 25 minutter uten \u00e5 bl\u00e5se i fl\u00f8yta, fortsetter han.\n<\/p>\n<p>Deretter forteller han om en annen av de aktuelle utfordringene.\n<\/p>\n<p>\u2013 Jeg pleide ogs\u00e5 \u00e5 gj\u00f8re en annen ting. Jeg pleide \u00e5 st\u00e5 i midtsirkelen og se hvor lenge jeg kunne bli der f\u00f8r jeg m\u00e5tte bevege meg. Det var bare jeg som hadde det g\u00f8y. \u00c9n gang klarte jeg omtrent 15 minutter, sier Dean.\n<\/p>\n<p>BBC erfarer torsdag at dagens engelske dommertopper reagerer p\u00e5 Deans p\u00e5stander og mener de tilh\u00f8rer en svunnen tid.\n<\/p>\n<p>Mike Dean var profesjonell dommer i 28 \u00e5r. Han ga seg p\u00e5 banen i 2022, og \u00e5ret etter sluttet han ogs\u00e5 som VAR-dommer.<\/p>\n<p>(\u00a9NTB)\n<\/p>\n<\/p><\/div>\n<p><script async defer crossorigin=\"anonymous\" data-lazy=\"w3tc\" data-src=\"https:\/\/connect.facebook.net\/nb_NO\/sdk.js#xfbml=1&#038;version=v18.0\"><\/script><br \/>\n<br \/><br \/>\n<br \/><a href=\"https:\/\/radioh.no\/tidligere-toppdommer-avslorer-ga-seg-selv-mini-utfordringer-i-kamper\/\">Kilde <\/a><\/p>","protected":false},"excerpt":{"rendered":"<p>Tidligere Premier League-dommer Mike Dean r\u00f8per at han \u00abfor g\u00f8y\u00bb utfordret seg selv p\u00e5 hvor lenge han kunne la v\u00e6re \u00e5 bl\u00e5se i fl\u00f8yta eller oppholde seg i midtsirkelen. Sport: Innr\u00f8mmelsene kommer i en ny utgave av spisslegenden Jamie Vardys podkast, der Dean er gjest. Dommertoppen sier at han pleide \u00e5 gi seg selv mini-utfordringer [&hellip;]<\/p>","protected":false},"author":1,"featured_media":20703,"comment_status":"","ping_status":"","sticky":false,"template":"","format":"standard","meta":{"footnotes":""},"categories":[107],"tags":[],"tmauthors":[],"class_list":["post-20702","post","type-post","status-publish","format-standard","has-post-thumbnail","category-nyheter"],"_links":{"self":[{"href":"https:\/\/radiostavanger.no\/index.php?rest_route=\/wp\/v2\/posts\/20702","targetHints":{"allow":["GET"]}}],"collection":[{"href":"https:\/\/radiostavanger.no\/index.php?rest_route=\/wp\/v2\/posts"}],"about":[{"href":"https:\/\/radiostavanger.no\/index.php?rest_route=\/wp\/v2\/types\/post"}],"author":[{"embeddable":true,"href":"https:\/\/radiostavanger.no\/index.php?rest_route=\/wp\/v2\/users\/1"}],"replies":[{"embeddable":true,"href":"https:\/\/radiostavanger.no\/index.php?rest_route=%2Fwp%2Fv2%2Fcomments&post=20702"}],"version-history":[{"count":0,"href":"https:\/\/radiostavanger.no\/index.php?rest_route=\/wp\/v2\/posts\/20702\/revisions"}],"wp:featuredmedia":[{"embeddable":true,"href":"https:\/\/radiostavanger.no\/index.php?rest_route=\/wp\/v2\/media\/20703"}],"wp:attachment":[{"href":"https:\/\/radiostavanger.no\/index.php?rest_route=%2Fwp%2Fv2%2Fmedia&parent=20702"}],"wp:term":[{"taxonomy":"category","embeddable":true,"href":"https:\/\/radiostavanger.no\/index.php?rest_route=%2Fwp%2Fv2%2Fcategories&post=20702"},{"taxonomy":"post_tag","embeddable":true,"href":"https:\/\/radiostavanger.no\/index.php?rest_route=%2Fwp%2Fv2%2Ftags&post=20702"},{"taxonomy":"tmauthors","embeddable":true,"href":"https:\/\/radiostavanger.no\/index.php?rest_route=%2Fwp%2Fv2%2Ftmauthors&post=20702"}],"curies":[{"name":"wp","href":"https:\/\/api.w.org\/{rel}","templated":true}]}}