{"id":20712,"date":"2026-09-03T15:09:16","date_gmt":"2026-09-03T15:09:16","guid":{"rendered":"https:\/\/radiostavanger.no\/?p=20712"},"modified":"2026-09-03T15:09:16","modified_gmt":"2026-09-03T15:09:16","slug":"beslagla-to-airsoftvapen-pa-karmoy-radio-stavanger","status":"publish","type":"post","link":"https:\/\/radiostavanger.no\/?p=20712","title":{"rendered":"Beslagla to airsoftv\u00e5pen p\u00e5 Karm\u00f8y \u2013 Radio Stavanger"},"content":{"rendered":"<p><br \/>\n<\/p>\n<div id=\"mvp-content-main\">\n<p class=\"radioh-ingress\"><strong>Tungt bev\u00e6pnet politi rykket s\u00f8ndag kveld ut til Syre p\u00e5 Karm\u00f8y etter meldinger om at skytev\u00e5pen kunne v\u00e6re involvert. N\u00e5 letter politiet p\u00e5 sl\u00f8ret og bekrefter beslag av to airsoftv\u00e5pen.<\/strong>\n<\/p>\n<p><b>Politiaksjon:<\/b> Trusselsituasjonen p\u00e5 Syre utl\u00f8ste en omfattende politiaksjon s\u00f8ndag kveld 30. august. Politistyrker utstyrt med b\u00e5de skjold og tung bev\u00e6pning rykket ut til stedet etter bekymringsmeldinger.\n<\/p>\n<p>\u2013 Politiet rykket ut etter melding om en mulig trusselsituasjon der det ble opplyst at skytev\u00e5pen kunne v\u00e6re involvert. P\u00e5 bakgrunn av opplysningene som ble gitt, ble hendelsen h\u00e5ndtert som en potensielt alvorlig situasjon, opplyser politiadvokat Stine Charlotte Tungodden til Haugesunds avis.\n<\/p>\n<p>Hun forklarer at n\u00e5r politiet f\u00e5r meldinger om at skytev\u00e5pen kan v\u00e6re involvert, m\u00e5 de legge til grunn at situasjonen er reell inntil det motsatte er avklart. Dette var \u00e5rsaken til det store oppbudet av mannskaper.\n<\/p>\n<h4>To unge menn<\/h4>\n<p>Saken gjelder to menn i slutten av ten\u00e5rene som er siktet for trusler. Begge ble p\u00e5grepet s\u00f8ndag kveld, men ble l\u00f8slatt dagen etter. Ingen er varetektsfengslet.<\/p>\n<p>Politiet har i forbindelse med aksjonen gjort beslag av to airsoftv\u00e5pen som n\u00e5 unders\u00f8kes n\u00e6rmere. Det er ikke meldt om at noen personer kom fysisk til skade i hendelsen.\n<\/p>\n<p>Etterforskningen er fremdeles i en tidlig fase, og politiet opplyser at det i tillegg til de to siktede ogs\u00e5 er en tredje person som har status som mistenkt.\n<\/p>\n<p>\u2013 Personen som omtales som mistenkt er identifisert av politiet. Vedkommende ble ikke p\u00e5grepet i forbindelse med hendelsen, sier Tungodden til avisa.\n<\/p>\n<p>Politiet \u00f8nsker forel\u00f8pig ikke \u00e5 g\u00e5 n\u00e6rmere inn p\u00e5 bakgrunnen for mistanken mot den tredje personen eller de ulike rollene i saken, av hensyn til den videre etterforskningen.\n<\/p>\n<\/p><\/div>\n<p><script async defer crossorigin=\"anonymous\" data-lazy=\"w3tc\" data-src=\"https:\/\/connect.facebook.net\/nb_NO\/sdk.js#xfbml=1&#038;version=v18.0\"><\/script><br \/>\n<br \/><br \/>\n<br \/><a href=\"https:\/\/radioh.no\/politiet-rykket-ut-etter-trusler-beslagla-to-airsoftvapen-pa-karmoy\/\">Kilde <\/a><\/p>","protected":false},"excerpt":{"rendered":"<p>Tungt bev\u00e6pnet politi rykket s\u00f8ndag kveld ut til Syre p\u00e5 Karm\u00f8y etter meldinger om at skytev\u00e5pen kunne v\u00e6re involvert. N\u00e5 letter politiet p\u00e5 sl\u00f8ret og bekrefter beslag av to airsoftv\u00e5pen. Politiaksjon: Trusselsituasjonen p\u00e5 Syre utl\u00f8ste en omfattende politiaksjon s\u00f8ndag kveld 30. august. Politistyrker utstyrt med b\u00e5de skjold og tung bev\u00e6pning rykket ut til stedet etter [&hellip;]<\/p>","protected":false},"author":1,"featured_media":20052,"comment_status":"","ping_status":"","sticky":false,"template":"","format":"standard","meta":{"footnotes":""},"categories":[107],"tags":[],"tmauthors":[],"class_list":["post-20712","post","type-post","status-publish","format-standard","has-post-thumbnail","category-nyheter"],"_links":{"self":[{"href":"https:\/\/radiostavanger.no\/index.php?rest_route=\/wp\/v2\/posts\/20712","targetHints":{"allow":["GET"]}}],"collection":[{"href":"https:\/\/radiostavanger.no\/index.php?rest_route=\/wp\/v2\/posts"}],"about":[{"href":"https:\/\/radiostavanger.no\/index.php?rest_route=\/wp\/v2\/types\/post"}],"author":[{"embeddable":true,"href":"https:\/\/radiostavanger.no\/index.php?rest_route=\/wp\/v2\/users\/1"}],"replies":[{"embeddable":true,"href":"https:\/\/radiostavanger.no\/index.php?rest_route=%2Fwp%2Fv2%2Fcomments&post=20712"}],"version-history":[{"count":0,"href":"https:\/\/radiostavanger.no\/index.php?rest_route=\/wp\/v2\/posts\/20712\/revisions"}],"wp:featuredmedia":[{"embeddable":true,"href":"https:\/\/radiostavanger.no\/index.php?rest_route=\/wp\/v2\/media\/20052"}],"wp:attachment":[{"href":"https:\/\/radiostavanger.no\/index.php?rest_route=%2Fwp%2Fv2%2Fmedia&parent=20712"}],"wp:term":[{"taxonomy":"category","embeddable":true,"href":"https:\/\/radiostavanger.no\/index.php?rest_route=%2Fwp%2Fv2%2Fcategories&post=20712"},{"taxonomy":"post_tag","embeddable":true,"href":"https:\/\/radiostavanger.no\/index.php?rest_route=%2Fwp%2Fv2%2Ftags&post=20712"},{"taxonomy":"tmauthors","embeddable":true,"href":"https:\/\/radiostavanger.no\/index.php?rest_route=%2Fwp%2Fv2%2Ftmauthors&post=20712"}],"curies":[{"name":"wp","href":"https:\/\/api.w.org\/{rel}","templated":true}]}}