{"id":20721,"date":"2026-09-03T17:09:53","date_gmt":"2026-09-03T17:09:53","guid":{"rendered":"https:\/\/radiostavanger.no\/?p=20721"},"modified":"2026-09-03T17:09:53","modified_gmt":"2026-09-03T17:09:53","slug":"oslo-sentrum-stenges-for-elsparkesykler-under-gravferden-radio-stavanger","status":"publish","type":"post","link":"https:\/\/radiostavanger.no\/?p=20721","title":{"rendered":"Oslo sentrum stenges for elsparkesykler under gravferden \u2013 Radio Stavanger"},"content":{"rendered":"<p><br \/>\n<\/p>\n<div id=\"mvp-content-main\">\n<p class=\"radioh-ingress\"><strong>Det blir ikke lov \u00e5 bruke elsparkesykler i Oslo sentrum under kong Haralds gravferd onsdag 9. september.<\/strong>\n<\/p>\n<p><strong>Innenriks<\/strong>: Myndighetskontakt Ole August Kj\u00e6rvik i Ryde sier til Aftenposten at deres elsparkesykler vil bli deaktivert i et omr\u00e5de i Oslo sentrum fra midnatt tirsdag til onsdag klokken 23.59.\n<\/p>\n<p>\u2013 Vi ber ogs\u00e5 folk om \u00e5 parkere p\u00e5 en hensynsfull m\u00e5te. Erfaringsmessig vet vi at det fort kan hope seg opp med elsparkesykler ved grensene til forbudssonen, sier Kj\u00e6rvik til avisen.\n<\/p>\n<p>Oslo kommune opplyser at elsparkesykler fra b\u00e5de Ryde, Bolt og Voi ikke vil fungere i den s\u00e5kalte g\u00e5sonen fra midnatt tirsdag 8. september til onsdag 9. september klokken 21, melder NRK.\n<\/p>\n<p>Politiet anbefaler folk \u00e5 ta bena fatt om de skal til Oslo sentrum denne dagen.<\/p>\n<p>(\u00a9NTB)\n<\/p>\n<\/p><\/div>\n<p><script async defer crossorigin=\"anonymous\" data-lazy=\"w3tc\" data-src=\"https:\/\/connect.facebook.net\/nb_NO\/sdk.js#xfbml=1&#038;version=v18.0\"><\/script><br \/>\n<br \/><br \/>\n<br \/><a href=\"https:\/\/radioh.no\/oslo-sentrum-stenges-for-elsparkesykler-under-gravferden\/\">Kilde <\/a><\/p>","protected":false},"excerpt":{"rendered":"<p>Det blir ikke lov \u00e5 bruke elsparkesykler i Oslo sentrum under kong Haralds gravferd onsdag 9. september. Innenriks: Myndighetskontakt Ole August Kj\u00e6rvik i Ryde sier til Aftenposten at deres elsparkesykler vil bli deaktivert i et omr\u00e5de i Oslo sentrum fra midnatt tirsdag til onsdag klokken 23.59. \u2013 Vi ber ogs\u00e5 folk om \u00e5 parkere p\u00e5 [&hellip;]<\/p>","protected":false},"author":1,"featured_media":20722,"comment_status":"","ping_status":"","sticky":false,"template":"","format":"standard","meta":{"footnotes":""},"categories":[107],"tags":[],"tmauthors":[],"class_list":["post-20721","post","type-post","status-publish","format-standard","has-post-thumbnail","category-nyheter"],"_links":{"self":[{"href":"https:\/\/radiostavanger.no\/index.php?rest_route=\/wp\/v2\/posts\/20721","targetHints":{"allow":["GET"]}}],"collection":[{"href":"https:\/\/radiostavanger.no\/index.php?rest_route=\/wp\/v2\/posts"}],"about":[{"href":"https:\/\/radiostavanger.no\/index.php?rest_route=\/wp\/v2\/types\/post"}],"author":[{"embeddable":true,"href":"https:\/\/radiostavanger.no\/index.php?rest_route=\/wp\/v2\/users\/1"}],"replies":[{"embeddable":true,"href":"https:\/\/radiostavanger.no\/index.php?rest_route=%2Fwp%2Fv2%2Fcomments&post=20721"}],"version-history":[{"count":0,"href":"https:\/\/radiostavanger.no\/index.php?rest_route=\/wp\/v2\/posts\/20721\/revisions"}],"wp:featuredmedia":[{"embeddable":true,"href":"https:\/\/radiostavanger.no\/index.php?rest_route=\/wp\/v2\/media\/20722"}],"wp:attachment":[{"href":"https:\/\/radiostavanger.no\/index.php?rest_route=%2Fwp%2Fv2%2Fmedia&parent=20721"}],"wp:term":[{"taxonomy":"category","embeddable":true,"href":"https:\/\/radiostavanger.no\/index.php?rest_route=%2Fwp%2Fv2%2Fcategories&post=20721"},{"taxonomy":"post_tag","embeddable":true,"href":"https:\/\/radiostavanger.no\/index.php?rest_route=%2Fwp%2Fv2%2Ftags&post=20721"},{"taxonomy":"tmauthors","embeddable":true,"href":"https:\/\/radiostavanger.no\/index.php?rest_route=%2Fwp%2Fv2%2Ftmauthors&post=20721"}],"curies":[{"name":"wp","href":"https:\/\/api.w.org\/{rel}","templated":true}]}}