{"id":20729,"date":"2026-09-03T17:46:06","date_gmt":"2026-09-03T17:46:06","guid":{"rendered":"https:\/\/radiostavanger.no\/?p=20729"},"modified":"2026-09-03T17:46:06","modified_gmt":"2026-09-03T17:46:06","slug":"takk-for-alt-radio-stavanger","status":"publish","type":"post","link":"https:\/\/radiostavanger.no\/?p=20729","title":{"rendered":"\u2013 Takk for alt \u2013 Radio Stavanger"},"content":{"rendered":"<p><br \/>\n<\/p>\n<div id=\"mvp-content-main\">\n<p class=\"radioh-ingress\"><strong>Atl\u00e9tico Madrid-stjernen Marcos Llorente (31) har bestemt seg for \u00e5 gi seg med landslagsfotball for Spania.<\/strong>\n<\/p>\n<p><strong>Sport<\/strong>: Den overraskende nyheten kommer han med halvannen m\u00e5ned etter at Spania gikk helt til topps i fotball-VM og jublet for gull.\n<\/p>\n<p>\u2013 Jeg er klar over at jeg fortsatt er ung, og at jeg kanskje \u2013 hvis jeg fortsatte \u00e5 gj\u00f8re ting riktig \u2013 hadde flere \u00e5r igjen \u00e5 spille i landslagsdrakten, innleder han et innlegg p\u00e5 Instagram.\n<\/p>\n<p>\u2013 Jeg vet at mange av dere ikke vil forst\u00e5 det, og det ville sannsynligvis ikke jeg ha gjort fra utsiden heller. Men det er en personlig avgj\u00f8relse som er veldig n\u00f8ye vurdert og tatt basert p\u00e5 sterke f\u00f8lelser, skriver Llorente videre.\n<\/p>\n<p>Han takker for tiden p\u00e5 Spanias landslag, der han debuterte i 2020, og beskriver det som \u00aben \u00e6re\u00bb \u00e5 ha f\u00e5tt representere landet og oppleve VM-suksessen.<\/p>\n<p>\u2013 Takk for alt. Klemmer til alle, avslutter han innlegget.\n<\/p>\n<p>Llorente spiller til daglig i Atl\u00e9tico Madrid, der han er lagkamerat med Norge-stjernen Alexander S\u00f8rloth. Han kom dit fra rivalen Real Madrid sommeren 2019.\n<\/p>\n<p>(\u00a9NTB)\n<\/p>\n<\/p><\/div>\n<p><script async defer crossorigin=\"anonymous\" data-lazy=\"w3tc\" data-src=\"https:\/\/connect.facebook.net\/nb_NO\/sdk.js#xfbml=1&#038;version=v18.0\"><\/script><script async src=\"\/\/www.instagram.com\/embed.js\"><\/script><br \/>\n<br \/><br \/>\n<br \/><a href=\"https:\/\/radioh.no\/vm-vinner-31-gir-seg-pa-landslaget-takk-for-alt\/\">Kilde <\/a><\/p>","protected":false},"excerpt":{"rendered":"<p>Atl\u00e9tico Madrid-stjernen Marcos Llorente (31) har bestemt seg for \u00e5 gi seg med landslagsfotball for Spania. Sport: Den overraskende nyheten kommer han med halvannen m\u00e5ned etter at Spania gikk helt til topps i fotball-VM og jublet for gull. \u2013 Jeg er klar over at jeg fortsatt er ung, og at jeg kanskje \u2013 hvis jeg [&hellip;]<\/p>","protected":false},"author":1,"featured_media":20730,"comment_status":"","ping_status":"","sticky":false,"template":"","format":"standard","meta":{"footnotes":""},"categories":[107],"tags":[],"tmauthors":[],"class_list":["post-20729","post","type-post","status-publish","format-standard","has-post-thumbnail","category-nyheter"],"_links":{"self":[{"href":"https:\/\/radiostavanger.no\/index.php?rest_route=\/wp\/v2\/posts\/20729","targetHints":{"allow":["GET"]}}],"collection":[{"href":"https:\/\/radiostavanger.no\/index.php?rest_route=\/wp\/v2\/posts"}],"about":[{"href":"https:\/\/radiostavanger.no\/index.php?rest_route=\/wp\/v2\/types\/post"}],"author":[{"embeddable":true,"href":"https:\/\/radiostavanger.no\/index.php?rest_route=\/wp\/v2\/users\/1"}],"replies":[{"embeddable":true,"href":"https:\/\/radiostavanger.no\/index.php?rest_route=%2Fwp%2Fv2%2Fcomments&post=20729"}],"version-history":[{"count":0,"href":"https:\/\/radiostavanger.no\/index.php?rest_route=\/wp\/v2\/posts\/20729\/revisions"}],"wp:featuredmedia":[{"embeddable":true,"href":"https:\/\/radiostavanger.no\/index.php?rest_route=\/wp\/v2\/media\/20730"}],"wp:attachment":[{"href":"https:\/\/radiostavanger.no\/index.php?rest_route=%2Fwp%2Fv2%2Fmedia&parent=20729"}],"wp:term":[{"taxonomy":"category","embeddable":true,"href":"https:\/\/radiostavanger.no\/index.php?rest_route=%2Fwp%2Fv2%2Fcategories&post=20729"},{"taxonomy":"post_tag","embeddable":true,"href":"https:\/\/radiostavanger.no\/index.php?rest_route=%2Fwp%2Fv2%2Ftags&post=20729"},{"taxonomy":"tmauthors","embeddable":true,"href":"https:\/\/radiostavanger.no\/index.php?rest_route=%2Fwp%2Fv2%2Ftmauthors&post=20729"}],"curies":[{"name":"wp","href":"https:\/\/api.w.org\/{rel}","templated":true}]}}