{"id":20733,"date":"2026-09-03T18:28:57","date_gmt":"2026-09-03T18:28:57","guid":{"rendered":"https:\/\/radiostavanger.no\/?p=20733"},"modified":"2026-09-03T18:28:57","modified_gmt":"2026-09-03T18:28:57","slug":"cupfinale-banketten-droppes-etter-kongens-bortgang-radio-stavanger","status":"publish","type":"post","link":"https:\/\/radiostavanger.no\/?p=20733","title":{"rendered":"Cupfinale-banketten droppes etter kongens bortgang \u2013 Radio Stavanger"},"content":{"rendered":"<p><br \/>\n<\/p>\n<div id=\"mvp-content-main\">\n<p class=\"radioh-ingress\"><strong>Kong Haralds d\u00f8d f\u00f8rer til flere endringer i forbindelse med s\u00f8ndagens NM-finale i fotball mellom Brann og Aalesund, melder TV 2.<\/strong>\n<\/p>\n<p><strong>Sport<\/strong>: Fra f\u00f8r er det klart at ingen fra kongehuset kommer til \u00e5 v\u00e6re til stede p\u00e5 cupfinalen, slik det vanligvis er.\n<\/p>\n<p>I forkant av kampen skal det holdes en \u00abverdig og respektfull\u00bb markering for kong Harald. Det vil ogs\u00e5 bli et noe nedtonet program mot det som er normalt p\u00e5 \u00abkvinnefotballens festdag\u00bb.\n<\/p>\n<p>For eksempel blir det ikke bankett etter finalen.\n<\/p>\n<p>\u2013 Det blir en rolig samling med begge lagene etter kampen, forteller Sissel Hartley, fagleder for strategi og kvinnefotball i Norges Fotballforbund, til TV 2.<\/p>\n<p>Det er kong Haralds pokal som skal deles ut etter finalen.\n<\/p>\n<p>Kampstart mellom Brann og Aalesund er klokken 14 s\u00f8ndag.\n<\/p>\n<p>(\u00a9NTB)\n<\/p>\n<\/p><\/div>\n<p><script async defer crossorigin=\"anonymous\" data-lazy=\"w3tc\" data-src=\"https:\/\/connect.facebook.net\/nb_NO\/sdk.js#xfbml=1&#038;version=v18.0\"><\/script><br \/>\n<br \/><br \/>\n<br \/><a href=\"https:\/\/radioh.no\/cupfinale-banketten-droppes-etter-kongens-bortgang\/\">Kilde <\/a><\/p>","protected":false},"excerpt":{"rendered":"<p>Kong Haralds d\u00f8d f\u00f8rer til flere endringer i forbindelse med s\u00f8ndagens NM-finale i fotball mellom Brann og Aalesund, melder TV 2. Sport: Fra f\u00f8r er det klart at ingen fra kongehuset kommer til \u00e5 v\u00e6re til stede p\u00e5 cupfinalen, slik det vanligvis er. I forkant av kampen skal det holdes en \u00abverdig og respektfull\u00bb markering [&hellip;]<\/p>","protected":false},"author":1,"featured_media":20734,"comment_status":"","ping_status":"","sticky":false,"template":"","format":"standard","meta":{"footnotes":""},"categories":[107],"tags":[],"tmauthors":[],"class_list":["post-20733","post","type-post","status-publish","format-standard","has-post-thumbnail","category-nyheter"],"_links":{"self":[{"href":"https:\/\/radiostavanger.no\/index.php?rest_route=\/wp\/v2\/posts\/20733","targetHints":{"allow":["GET"]}}],"collection":[{"href":"https:\/\/radiostavanger.no\/index.php?rest_route=\/wp\/v2\/posts"}],"about":[{"href":"https:\/\/radiostavanger.no\/index.php?rest_route=\/wp\/v2\/types\/post"}],"author":[{"embeddable":true,"href":"https:\/\/radiostavanger.no\/index.php?rest_route=\/wp\/v2\/users\/1"}],"replies":[{"embeddable":true,"href":"https:\/\/radiostavanger.no\/index.php?rest_route=%2Fwp%2Fv2%2Fcomments&post=20733"}],"version-history":[{"count":0,"href":"https:\/\/radiostavanger.no\/index.php?rest_route=\/wp\/v2\/posts\/20733\/revisions"}],"wp:featuredmedia":[{"embeddable":true,"href":"https:\/\/radiostavanger.no\/index.php?rest_route=\/wp\/v2\/media\/20734"}],"wp:attachment":[{"href":"https:\/\/radiostavanger.no\/index.php?rest_route=%2Fwp%2Fv2%2Fmedia&parent=20733"}],"wp:term":[{"taxonomy":"category","embeddable":true,"href":"https:\/\/radiostavanger.no\/index.php?rest_route=%2Fwp%2Fv2%2Fcategories&post=20733"},{"taxonomy":"post_tag","embeddable":true,"href":"https:\/\/radiostavanger.no\/index.php?rest_route=%2Fwp%2Fv2%2Ftags&post=20733"},{"taxonomy":"tmauthors","embeddable":true,"href":"https:\/\/radiostavanger.no\/index.php?rest_route=%2Fwp%2Fv2%2Ftmauthors&post=20733"}],"curies":[{"name":"wp","href":"https:\/\/api.w.org\/{rel}","templated":true}]}}